{"id":16204,"date":"2016-09-20T19:06:52","date_gmt":"2016-09-21T00:06:52","guid":{"rendered":"http:\/\/www.revistazetta.com\/?p=16204"},"modified":"2016-09-20T19:06:52","modified_gmt":"2016-09-21T00:06:52","slug":"miembros-los-18-hoyo-rompen-fronteras-imaginarias","status":"publish","type":"post","link":"https:\/\/revistazetta.com\/?p=16204","title":{"rendered":"Miembros de \u2018Los 18\u2019 y \u2018El Hoyo\u2019 rompen \u2018fronteras imaginarias\u2019"},"content":{"rendered":"<p>Un grupo de j\u00f3venes de Cartagena que a diario protagonizaban escenas de temor, violencia e inseguridad en el barrio La Esperanza, firmaron el suyo propio, poniendo fin a la existencia de las llamadas fronteras imaginarias.<br \/>\n\u2018Los 18\u2019 y \u2018Los del Hoyo\u2019, cerraron el cap\u00edtulo oscuro en el que estaban inmersas sus vidas para darle la bienvenida a la paz en sus corazones, escribiendo una nueva y mejor historia de vida.<\/p>\n<p>La Administraci\u00f3n Distrital, a trav\u00e9s de la Alcald\u00eda Local de la Virgen y Tur\u00edstica, adelanta un proceso de resocializaci\u00f3n con los j\u00f3venes de sectores vulnerables de Cartagena. El alcalde de esta localidad, Gregorio Rico, ha denominado este proyecto como \u2018La Ruta de la Paz\u2019, la cual ha dado excelentes resultados en las comunidades que est\u00e1n siendo intervenidas, como es el ejemplo de estos j\u00f3venes de La Esperanza que han decidido romper con las fronteras imaginarias y caminar juntos por el sendero de la reconciliaci\u00f3n.<br \/>\n<img loading=\"lazy\" decoding=\"async\" src=\"https:\/\/www.revistazetta.com\/wp-content\/uploads\/2016\/09\/ETP1-300x187.jpg\" alt=\"etp1\" width=\"300\" height=\"187\" class=\"alignleft size-medium wp-image-16207\" srcset=\"https:\/\/revistazetta.com\/wp-content\/uploads\/2016\/09\/ETP1-300x187.jpg 300w, https:\/\/revistazetta.com\/wp-content\/uploads\/2016\/09\/ETP1-234x146.jpg 234w, https:\/\/revistazetta.com\/wp-content\/uploads\/2016\/09\/ETP1-50x31.jpg 50w, https:\/\/revistazetta.com\/wp-content\/uploads\/2016\/09\/ETP1-120x75.jpg 120w, https:\/\/revistazetta.com\/wp-content\/uploads\/2016\/09\/ETP1.jpg 570w\" sizes=\"auto, (max-width: 300px) 100vw, 300px\" \/><\/p>\n<p><img loading=\"lazy\" decoding=\"async\" src=\"https:\/\/www.revistazetta.com\/wp-content\/uploads\/2016\/09\/ETP-300x187.jpg\" alt=\"etp\" width=\"300\" height=\"187\" class=\"alignleft size-medium wp-image-16206\" srcset=\"https:\/\/revistazetta.com\/wp-content\/uploads\/2016\/09\/ETP-300x187.jpg 300w, https:\/\/revistazetta.com\/wp-content\/uploads\/2016\/09\/ETP-234x146.jpg 234w, https:\/\/revistazetta.com\/wp-content\/uploads\/2016\/09\/ETP-50x31.jpg 50w, https:\/\/revistazetta.com\/wp-content\/uploads\/2016\/09\/ETP-120x75.jpg 120w, https:\/\/revistazetta.com\/wp-content\/uploads\/2016\/09\/ETP.jpg 570w\" sizes=\"auto, (max-width: 300px) 100vw, 300px\" \/><\/p>\n<p>En acto realizado en el sal\u00f3n Vicente Mart\u00ednez, miembros de estos dos grupos se dieron la mano rompiendo con las barreras, las enemistades, ri\u00f1as, discusiones y le dieron la bienvenida a la paz en sus corazones. \u201cNo queremos m\u00e1s dolor y llanto queremos progresar y salir adelante. Hoy estamos siendo conscientes de que con un arma o con pu\u00f1os solo causamos dolor, m\u00e1s nada, no traemos paz ni tranquilidad y ya estuvo bueno. Hoy decimos s\u00ed al cambio y a la paz\u201d, expres\u00f3 Fernand, miembro de \u2018Los 18\u2019.<\/p>\n<p>\u201cEllos han tomado el ejemplo de que si los guerrilleros con el Gobierno se han sentado en son de paz, por qu\u00e9 ellos no pueden hacer lo mismo. Hoy est\u00e1n aqu\u00ed demostrando que el cambio s\u00ed es posible, que la paz s\u00ed es posible, ellos son ejemplo para Colombia y el mundo. Estoy dispuesto a brindarles mi apoyo para que salgan adelante\u201d, manifest\u00f3 el alcalde mayor de Cartagena, Manolo Duque.<\/p>\n<p>Por su parte, el alcalde local de la Virgen y Tur\u00edstica, Gregorio Rico, asegur\u00f3 que, \u201cesto es tan solo el inicio de grandes cambios que  se vienen para Cartagena, ciudad bendecida por Dios y que tiene j\u00f3venes con grandes  potenciales y talentos, como estos muchachos de La Esperanza, quienes hoy firmaron el Acuerdo de Paz, acabando con las fronteras imaginarias y d\u00e1ndole paso a nuevas y mejores oportunidades\u201d.<\/p>\n","protected":false},"excerpt":{"rendered":"<p>Un grupo de j\u00f3venes de Cartagena que a diario protagonizaban escenas de temor, violencia e inseguridad en el barrio La Esperanza, firmaron el suyo propio, poniendo fin a la existencia de las llamadas fronteras imaginarias. \u2018Los 18\u2019 y \u2018Los del Hoyo\u2019, cerraron el cap\u00edtulo oscuro en el que estaban inmersas sus vidas para darle la bienvenida a la paz en sus corazones, escribiendo una nueva y mejor historia de vida. La Administraci\u00f3n Distrital, a trav\u00e9s de la Alcald\u00eda Local de la Virgen y Tur\u00edstica, adelanta un proceso de resocializaci\u00f3n con&#8230; <\/p>\n","protected":false},"author":3,"featured_media":16205,"comment_status":"open","ping_status":"closed","sticky":false,"template":"","format":"standard","meta":{"footnotes":"","_links_to":"","_links_to_target":""},"categories":[32,86],"tags":[],"class_list":["post-16204","post","type-post","status-publish","format-standard","has-post-thumbnail","hentry","category-actualidad-distrito","category-comunidad"],"_links":{"self":[{"href":"https:\/\/revistazetta.com\/index.php?rest_route=\/wp\/v2\/posts\/16204","targetHints":{"allow":["GET"]}}],"collection":[{"href":"https:\/\/revistazetta.com\/index.php?rest_route=\/wp\/v2\/posts"}],"about":[{"href":"https:\/\/revistazetta.com\/index.php?rest_route=\/wp\/v2\/types\/post"}],"author":[{"embeddable":true,"href":"https:\/\/revistazetta.com\/index.php?rest_route=\/wp\/v2\/users\/3"}],"replies":[{"embeddable":true,"href":"https:\/\/revistazetta.com\/index.php?rest_route=%2Fwp%2Fv2%2Fcomments&post=16204"}],"version-history":[{"count":0,"href":"https:\/\/revistazetta.com\/index.php?rest_route=\/wp\/v2\/posts\/16204\/revisions"}],"wp:featuredmedia":[{"embeddable":true,"href":"https:\/\/revistazetta.com\/index.php?rest_route=\/wp\/v2\/media\/16205"}],"wp:attachment":[{"href":"https:\/\/revistazetta.com\/index.php?rest_route=%2Fwp%2Fv2%2Fmedia&parent=16204"}],"wp:term":[{"taxonomy":"category","embeddable":true,"href":"https:\/\/revistazetta.com\/index.php?rest_route=%2Fwp%2Fv2%2Fcategories&post=16204"},{"taxonomy":"post_tag","embeddable":true,"href":"https:\/\/revistazetta.com\/index.php?rest_route=%2Fwp%2Fv2%2Ftags&post=16204"}],"curies":[{"name":"wp","href":"https:\/\/api.w.org\/{rel}","templated":true}]}}