{"id":16216,"date":"2016-09-21T15:50:58","date_gmt":"2016-09-21T20:50:58","guid":{"rendered":"http:\/\/www.revistazetta.com\/?p=16216"},"modified":"2016-09-21T17:02:16","modified_gmt":"2016-09-21T22:02:16","slug":"comfamiliarizate-llega-la-boquilla-arroyo-piedra","status":"publish","type":"post","link":"https:\/\/revistazetta.com\/?p=16216","title":{"rendered":"Comfamiliar\u00edzate llega a La Boquilla\u00a0y Arroyo de Piedra"},"content":{"rendered":"<ul>\n<li><strong>&#8211;\u00a0\u00a0\u00a0\u00a0<em>La Caja de Compensaci\u00f3n Familiar de Cartagena y Bol\u00edvar estar\u00e1 presente este fin de semana en los corregimientos de La Boquilla y Arroyo de Piedra con su Feria de Servicios y Atenci\u00f3n al Usuario.<\/em><\/strong><\/li>\n<li><strong>&#8211;\u00a0\u00a0\u00a0\u00a0<em>El s\u00e1bado 24 de septiembre estaremos en el Campo de S\u00f3ftbol de la Boquilla de 1:00 pm a 5:00 p. m. y el domingo 25 en el Campo de F\u00fatbol del Barrio Arriba de Arroyo de Piedra de 10:00 am a 2:00 p. m.\u00a0<\/em><\/strong><\/li>\n<\/ul>\n<p>La Caja de Compensaci\u00f3n, a trav\u00e9s de su iniciativa Comfamiliar\u00edzate, traslada sus servicios hasta el coraz\u00f3n de las comunidades, donde los visitantes podr\u00e1n encontrar una oportunidad para resolver inquietudes, recibir orientaci\u00f3n de la Agencia para el Empleo en materia de capacitaci\u00f3n, acceso a subsidios y oportunidades en el campo laboral.<\/p>\n<p>Adem\u00e1s, los cartageneros que asistan podr\u00e1n acceder a atenci\u00f3n m\u00e9dica general y odontolog\u00eda y los m\u00e1s peque\u00f1os disfrutar\u00e1n de las actividades que tiene planeadas el Programa de atenci\u00f3n Integral a la Ni\u00f1ez (Foni\u00f1ez)<\/p>\n<p>Firme en el prop\u00f3sito de brindar la mejor atenci\u00f3n a sus afiliados, Comfamiliar continuar\u00e1 desarrollando este ciclo de Ferias de Servicios que seguir\u00e1n llegando a diferentes barrios de Cartagena y municipios del departamento de Bol\u00edvar.<\/p>\n<p><strong>Cuatro poblaciones beneficiadas<\/strong><\/p>\n<p>Cuatro son las comunidades en las que la Feria de Servicios y Atenci\u00f3n al Usuario Comfamiliar\u00edzate ha hecho presencia, entre ellas se encuentran Blas de Lezo, el corregimiento de Bayunca, El Poz\u00f3n y Nelson Mandela.<\/p>\n<p>El s\u00e1bado 10 y domingo 11 de septiembre se dio inicio al ciclo de Ferias programas por Comfamiliar en el barrio Blas de Lezo y el corregimiento de Bayunca, donde se concentraron cerca de\u00a0500 personas de barrios aleda\u00f1os a dichos sectores, quienes\u00a0disfrutaron de actividades culturales, deportivas y dem\u00e1s programaci\u00f3n.<\/p>\n<p>El pasado 17 y 18 de septiembre La Feria de Servicios y atenci\u00f3n al Usuario estuvo en los barrios El Poz\u00f3n y Nelson Mandela, donde hubo una acogida exitosa de los ni\u00f1os, quienes se beneficiaron del programa Foni\u00f1ez y de todas las actividades recreativas.<\/p>\n<p>Las Ferias de Servicios y Atenci\u00f3n al Usuario han significado un espacio para el disfrute de las familias as\u00ed como tambi\u00e9n un espacio de inclusi\u00f3n del Adulto Mayor y las personas con capacidades especiales.<\/p>\n","protected":false},"excerpt":{"rendered":"<p>&#8211;\u00a0\u00a0\u00a0\u00a0La Caja de Compensaci\u00f3n Familiar de Cartagena y Bol\u00edvar estar\u00e1 presente este fin de semana en los corregimientos de La Boquilla y Arroyo de Piedra con su Feria de Servicios y Atenci\u00f3n al Usuario. &#8211;\u00a0\u00a0\u00a0\u00a0El s\u00e1bado 24 de septiembre estaremos en el Campo de S\u00f3ftbol de la Boquilla de 1:00 pm a 5:00 p. m. y el domingo 25 en el Campo de F\u00fatbol del Barrio Arriba de Arroyo de Piedra de 10:00 am a 2:00 p. m.\u00a0 La Caja de Compensaci\u00f3n, a trav\u00e9s de su iniciativa Comfamiliar\u00edzate, traslada sus&#8230; <\/p>\n","protected":false},"author":3,"featured_media":16228,"comment_status":"open","ping_status":"closed","sticky":false,"template":"","format":"standard","meta":{"footnotes":"","_links_to":"","_links_to_target":""},"categories":[2,75],"tags":[],"class_list":["post-16216","post","type-post","status-publish","format-standard","has-post-thumbnail","hentry","category-actualidad","category-destacada"],"_links":{"self":[{"href":"https:\/\/revistazetta.com\/index.php?rest_route=\/wp\/v2\/posts\/16216","targetHints":{"allow":["GET"]}}],"collection":[{"href":"https:\/\/revistazetta.com\/index.php?rest_route=\/wp\/v2\/posts"}],"about":[{"href":"https:\/\/revistazetta.com\/index.php?rest_route=\/wp\/v2\/types\/post"}],"author":[{"embeddable":true,"href":"https:\/\/revistazetta.com\/index.php?rest_route=\/wp\/v2\/users\/3"}],"replies":[{"embeddable":true,"href":"https:\/\/revistazetta.com\/index.php?rest_route=%2Fwp%2Fv2%2Fcomments&post=16216"}],"version-history":[{"count":0,"href":"https:\/\/revistazetta.com\/index.php?rest_route=\/wp\/v2\/posts\/16216\/revisions"}],"wp:featuredmedia":[{"embeddable":true,"href":"https:\/\/revistazetta.com\/index.php?rest_route=\/wp\/v2\/media\/16228"}],"wp:attachment":[{"href":"https:\/\/revistazetta.com\/index.php?rest_route=%2Fwp%2Fv2%2Fmedia&parent=16216"}],"wp:term":[{"taxonomy":"category","embeddable":true,"href":"https:\/\/revistazetta.com\/index.php?rest_route=%2Fwp%2Fv2%2Fcategories&post=16216"},{"taxonomy":"post_tag","embeddable":true,"href":"https:\/\/revistazetta.com\/index.php?rest_route=%2Fwp%2Fv2%2Ftags&post=16216"}],"curies":[{"name":"wp","href":"https:\/\/api.w.org\/{rel}","templated":true}]}}