{"id":16232,"date":"2016-09-22T05:34:22","date_gmt":"2016-09-22T10:34:22","guid":{"rendered":"http:\/\/www.revistazetta.com\/?p=16232"},"modified":"2016-09-22T05:36:07","modified_gmt":"2016-09-22T10:36:07","slug":"mototaxistas-aceptan-medida-parrillero-continuan-negociaciones-distrito","status":"publish","type":"post","link":"https:\/\/revistazetta.com\/?p=16232","title":{"rendered":"Mototaxistas aceptan medida de parrillero y contin\u00faan en negociaciones con el Distrito"},"content":{"rendered":"<p>La Administraci\u00f3n Distrital se volvi\u00f3 a reunir este mi\u00e9rcoles con el gremio sindical de los mototaxistas de la ciudad para lograr acuerdos contundentes a ra\u00edz de la expedici\u00f3n del decreto 1424 del 20 de septiembre que proh\u00edbe la circulaci\u00f3n con acompa\u00f1ante de los veh\u00edculos tipo motocicletas de cualquier modalidad y cilindraje, incluyendo las cuatrimotos, tricimotos y motocarros, en las v\u00edas de los barrios Bocagrande, Manga, Castillogrande, El Laguito, El Cabrero, Crespo y Pie de La Popa.<\/p>\n<p>Durante el encuentro, en el que participaron la Secretar\u00eda del Interior y Convivencia Ciudadana, Secretar\u00eda de Educaci\u00f3n, Plan de Emergencia Social Pedro Romero, PES, y la Polic\u00eda Metropolitana, los mototaxistas ratificaron su compromiso y aceptaci\u00f3n de dicha medida.<\/p>\n<p>\u201cEstamos logrando que la administraci\u00f3n se comprometa seriamente con nuevas oportunidades de empleo y educaci\u00f3n para nosotros. Las cosas van por buen camino y vamos a respetar el decreto. Queremos darle un parte de tranquilidad a la ciudadan\u00eda, nosotros los l\u00edderes con este parte positivo que tenemos de parte de la administraci\u00f3n salimos y vamos a calmar los \u00e1nimos\u201d, afirm\u00f3 Carlos Lemus, presidente del sindicato de mototaxistas.<\/p>\n<p>El representante asegur\u00f3 adem\u00e1s que una de las solicitudes que hacen al Distrito es que se modifique el horario y se pueda acceder a una v\u00eda principal del barrio Manga.<\/p>\n<p>Fernando Ni\u00f1o Mendoza, secretario del Interior, explic\u00f3 que semanalmente las autoridades estar\u00e1n evaluando el comportamiento de los mototaxistas y por tanto las modificaciones no quedan descartadas.<\/p>\n<p>\u201cTrajimos respuestas a la mesa, ellos est\u00e1n conscientes de que los estamos atendiendo, se fijaron unos compromisos y el mismo decreto quedaron fijadas las evaluaciones que haremos, por tal raz\u00f3n de acuerdo a lo que arrojen los resultados de los puestos de control, as\u00ed se podr\u00e1n hacer modificaciones\u201d, dijo el funcionario.<\/p>\n<p>Ni\u00f1o Mendoza afirm\u00f3 adem\u00e1s que el Distrito adelanta conversaciones con diferentes gremios empresariales de la ciudad para que estas personas tengan la oportunidad de acceder a  vacantes en diferentes empresas.<\/p>\n<p>El pr\u00f3ximo encuentro ser\u00e1 el 6 de octubre y con el Ministerio de Transporte el 17 del mismo mes.<\/p>\n<p><strong>Autoridades est\u00e1n en alerta<\/strong><\/p>\n<p>Con referencia a los actos vand\u00e1licos cometidos contra Transcaribe, el Secretario del Interior afirm\u00f3 que las autoridades est\u00e1n en m\u00e1xima alerta ante cualquier situaci\u00f3n que pretenda atentar contra el sistema de transporte.<br \/>\nAdem\u00e1s pidi\u00f3 a la rama judicial una sanci\u00f3n ejemplarizante para el hombre que fue capturado por uniformados en el sector del mercado de Bazurto.<\/p>\n","protected":false},"excerpt":{"rendered":"<p>La Administraci\u00f3n Distrital se volvi\u00f3 a reunir este mi\u00e9rcoles con el gremio sindical de los mototaxistas de la ciudad para lograr acuerdos contundentes a ra\u00edz de la expedici\u00f3n del decreto 1424 del 20 de septiembre que proh\u00edbe la circulaci\u00f3n con acompa\u00f1ante de los veh\u00edculos tipo motocicletas de cualquier modalidad y cilindraje, incluyendo las cuatrimotos, tricimotos y motocarros, en las v\u00edas de los barrios Bocagrande, Manga, Castillogrande, El Laguito, El Cabrero, Crespo y Pie de La Popa. Durante el encuentro, en el que participaron la Secretar\u00eda del Interior y Convivencia Ciudadana,&#8230; <\/p>\n","protected":false},"author":3,"featured_media":16239,"comment_status":"open","ping_status":"closed","sticky":false,"template":"","format":"standard","meta":{"footnotes":"","_links_to":"","_links_to_target":""},"categories":[32,87],"tags":[],"class_list":["post-16232","post","type-post","status-publish","format-standard","has-post-thumbnail","hentry","category-actualidad-distrito","category-movilidad"],"_links":{"self":[{"href":"https:\/\/revistazetta.com\/index.php?rest_route=\/wp\/v2\/posts\/16232","targetHints":{"allow":["GET"]}}],"collection":[{"href":"https:\/\/revistazetta.com\/index.php?rest_route=\/wp\/v2\/posts"}],"about":[{"href":"https:\/\/revistazetta.com\/index.php?rest_route=\/wp\/v2\/types\/post"}],"author":[{"embeddable":true,"href":"https:\/\/revistazetta.com\/index.php?rest_route=\/wp\/v2\/users\/3"}],"replies":[{"embeddable":true,"href":"https:\/\/revistazetta.com\/index.php?rest_route=%2Fwp%2Fv2%2Fcomments&post=16232"}],"version-history":[{"count":0,"href":"https:\/\/revistazetta.com\/index.php?rest_route=\/wp\/v2\/posts\/16232\/revisions"}],"wp:featuredmedia":[{"embeddable":true,"href":"https:\/\/revistazetta.com\/index.php?rest_route=\/wp\/v2\/media\/16239"}],"wp:attachment":[{"href":"https:\/\/revistazetta.com\/index.php?rest_route=%2Fwp%2Fv2%2Fmedia&parent=16232"}],"wp:term":[{"taxonomy":"category","embeddable":true,"href":"https:\/\/revistazetta.com\/index.php?rest_route=%2Fwp%2Fv2%2Fcategories&post=16232"},{"taxonomy":"post_tag","embeddable":true,"href":"https:\/\/revistazetta.com\/index.php?rest_route=%2Fwp%2Fv2%2Ftags&post=16232"}],"curies":[{"name":"wp","href":"https:\/\/api.w.org\/{rel}","templated":true}]}}