{"id":16233,"date":"2016-09-22T05:31:42","date_gmt":"2016-09-22T10:31:42","guid":{"rendered":"http:\/\/www.revistazetta.com\/?p=16233"},"modified":"2016-09-22T05:35:09","modified_gmt":"2016-09-22T10:35:09","slug":"operativos-seguridad-se-toman-las-tres-localidades","status":"publish","type":"post","link":"https:\/\/revistazetta.com\/?p=16233","title":{"rendered":"Operativos de seguridad se toman las tres localidades"},"content":{"rendered":"<p>El secretario del Interior y Convivencia Ciudadana, Fernando Ni\u00f1o Mendoza, en compa\u00f1\u00eda de un equipo conformado por personal de la Polic\u00eda Metropolitana, Departamento Administrativo de Tr\u00e1nsito y Transporte, DATT, y la Infanter\u00eda de Marina, recorren desde el pasado lunes cada puesto de control instalado en diferentes sectores de la ciudad, para verificar el cumplimiento de la orden del alcalde mayor quien indic\u00f3 que de ahora en adelante los cartageneros sentir\u00e1n a los polic\u00edas m\u00e1s cerca.<\/p>\n<p>Los operativos desplegados arrojaron la revisi\u00f3n de antecedentes judiciales a 304 personas, m\u00e1s 164 a motociclistas y la requisa a 125 veh\u00edculos particulares. Adem\u00e1s hasta la fecha van 166 motocicletas inmovilizadas.<\/p>\n<p><img loading=\"lazy\" decoding=\"async\" src=\"https:\/\/www.revistazetta.com\/wp-content\/uploads\/2016\/09\/OSL4-300x187.jpg\" alt=\"osl4\" width=\"300\" height=\"187\" class=\"alignleft size-medium wp-image-16238\" srcset=\"https:\/\/revistazetta.com\/wp-content\/uploads\/2016\/09\/OSL4-300x187.jpg 300w, https:\/\/revistazetta.com\/wp-content\/uploads\/2016\/09\/OSL4-234x146.jpg 234w, https:\/\/revistazetta.com\/wp-content\/uploads\/2016\/09\/OSL4-50x31.jpg 50w, https:\/\/revistazetta.com\/wp-content\/uploads\/2016\/09\/OSL4-120x75.jpg 120w, https:\/\/revistazetta.com\/wp-content\/uploads\/2016\/09\/OSL4.jpg 570w\" sizes=\"auto, (max-width: 300px) 100vw, 300px\" \/><\/p>\n<p><img loading=\"lazy\" decoding=\"async\" src=\"https:\/\/www.revistazetta.com\/wp-content\/uploads\/2016\/09\/OSL3-300x187.jpg\" alt=\"osl3\" width=\"300\" height=\"187\" class=\"alignleft size-medium wp-image-16237\" srcset=\"https:\/\/revistazetta.com\/wp-content\/uploads\/2016\/09\/OSL3-300x187.jpg 300w, https:\/\/revistazetta.com\/wp-content\/uploads\/2016\/09\/OSL3-234x146.jpg 234w, https:\/\/revistazetta.com\/wp-content\/uploads\/2016\/09\/OSL3-50x31.jpg 50w, https:\/\/revistazetta.com\/wp-content\/uploads\/2016\/09\/OSL3-120x75.jpg 120w, https:\/\/revistazetta.com\/wp-content\/uploads\/2016\/09\/OSL3.jpg 570w\" sizes=\"auto, (max-width: 300px) 100vw, 300px\" \/><\/p>\n<p>\u201cDurante todo el d\u00eda revisamos los puntos de control que est\u00e1n establecidos en la ciudad, son m\u00e1s de 15 que se van rotando en toda la ciudad. Estamos haciendo requisas a las personas, verificaci\u00f3n de la documentaci\u00f3n de los autom\u00f3viles, motocicletas y lo que buscamos es que la gente sienta que la autoridad est\u00e1 ah\u00ed, pendiente de lo m\u00ednimo\u201d, asegur\u00f3 Ni\u00f1o Mendoza.<\/p>\n<p><img loading=\"lazy\" decoding=\"async\" src=\"https:\/\/www.revistazetta.com\/wp-content\/uploads\/2016\/09\/OSL-300x187.jpg\" alt=\"osl\" width=\"300\" height=\"187\" class=\"alignleft size-medium wp-image-16235\" srcset=\"https:\/\/revistazetta.com\/wp-content\/uploads\/2016\/09\/OSL-300x187.jpg 300w, https:\/\/revistazetta.com\/wp-content\/uploads\/2016\/09\/OSL-234x146.jpg 234w, https:\/\/revistazetta.com\/wp-content\/uploads\/2016\/09\/OSL-50x31.jpg 50w, https:\/\/revistazetta.com\/wp-content\/uploads\/2016\/09\/OSL-120x75.jpg 120w, https:\/\/revistazetta.com\/wp-content\/uploads\/2016\/09\/OSL.jpg 570w\" sizes=\"auto, (max-width: 300px) 100vw, 300px\" \/><\/p>\n<p><img loading=\"lazy\" decoding=\"async\" src=\"https:\/\/www.revistazetta.com\/wp-content\/uploads\/2016\/09\/OSL2-300x187.jpg\" alt=\"osl2\" width=\"300\" height=\"187\" class=\"alignleft size-medium wp-image-16236\" srcset=\"https:\/\/revistazetta.com\/wp-content\/uploads\/2016\/09\/OSL2-300x187.jpg 300w, https:\/\/revistazetta.com\/wp-content\/uploads\/2016\/09\/OSL2-234x146.jpg 234w, https:\/\/revistazetta.com\/wp-content\/uploads\/2016\/09\/OSL2-50x31.jpg 50w, https:\/\/revistazetta.com\/wp-content\/uploads\/2016\/09\/OSL2-120x75.jpg 120w, https:\/\/revistazetta.com\/wp-content\/uploads\/2016\/09\/OSL2.jpg 570w\" sizes=\"auto, (max-width: 300px) 100vw, 300px\" \/><br \/>\n<strong><br \/>\n M\u00e1s responsabilidad con las \u2018cadenas\u2019 de Whatsapp<\/strong><\/p>\n<p>El funcionario envi\u00f3 un mensaje a todos los cartageneros para que act\u00faen de manera responsable con el manejo de las redes sociales y no caigan en el juego de enviar cadenas de mensajes v\u00eda celular con hechos que en su mayor\u00eda, resultan falsos.<\/p>\n<p>\u201cLas redes no deben ser utilizadas para generar p\u00e1nico y zozobra. En el momento que tengamos conocimiento de un acto delictivo o que altere el orden p\u00fablico pong\u00e1moslo en conocimiento de la autoridad  cuando la informaci\u00f3n sea confirmada, ya que si se hace lo contrario, se dejan de atender casos reales\u201d, anot\u00f3<\/p>\n","protected":false},"excerpt":{"rendered":"<p>El secretario del Interior y Convivencia Ciudadana, Fernando Ni\u00f1o Mendoza, en compa\u00f1\u00eda de un equipo conformado por personal de la Polic\u00eda Metropolitana, Departamento Administrativo de Tr\u00e1nsito y Transporte, DATT, y la Infanter\u00eda de Marina, recorren desde el pasado lunes cada puesto de control instalado en diferentes sectores de la ciudad, para verificar el cumplimiento de la orden del alcalde mayor quien indic\u00f3 que de ahora en adelante los cartageneros sentir\u00e1n a los polic\u00edas m\u00e1s cerca. Los operativos desplegados arrojaron la revisi\u00f3n de antecedentes judiciales a 304 personas, m\u00e1s 164 a&#8230; <\/p>\n","protected":false},"author":3,"featured_media":16240,"comment_status":"open","ping_status":"closed","sticky":false,"template":"","format":"standard","meta":{"footnotes":"","_links_to":"","_links_to_target":""},"categories":[32,88],"tags":[],"class_list":["post-16233","post","type-post","status-publish","format-standard","has-post-thumbnail","hentry","category-actualidad-distrito","category-seguridad"],"_links":{"self":[{"href":"https:\/\/revistazetta.com\/index.php?rest_route=\/wp\/v2\/posts\/16233","targetHints":{"allow":["GET"]}}],"collection":[{"href":"https:\/\/revistazetta.com\/index.php?rest_route=\/wp\/v2\/posts"}],"about":[{"href":"https:\/\/revistazetta.com\/index.php?rest_route=\/wp\/v2\/types\/post"}],"author":[{"embeddable":true,"href":"https:\/\/revistazetta.com\/index.php?rest_route=\/wp\/v2\/users\/3"}],"replies":[{"embeddable":true,"href":"https:\/\/revistazetta.com\/index.php?rest_route=%2Fwp%2Fv2%2Fcomments&post=16233"}],"version-history":[{"count":0,"href":"https:\/\/revistazetta.com\/index.php?rest_route=\/wp\/v2\/posts\/16233\/revisions"}],"wp:featuredmedia":[{"embeddable":true,"href":"https:\/\/revistazetta.com\/index.php?rest_route=\/wp\/v2\/media\/16240"}],"wp:attachment":[{"href":"https:\/\/revistazetta.com\/index.php?rest_route=%2Fwp%2Fv2%2Fmedia&parent=16233"}],"wp:term":[{"taxonomy":"category","embeddable":true,"href":"https:\/\/revistazetta.com\/index.php?rest_route=%2Fwp%2Fv2%2Fcategories&post=16233"},{"taxonomy":"post_tag","embeddable":true,"href":"https:\/\/revistazetta.com\/index.php?rest_route=%2Fwp%2Fv2%2Ftags&post=16233"}],"curies":[{"name":"wp","href":"https:\/\/api.w.org\/{rel}","templated":true}]}}