{"id":16250,"date":"2016-09-22T14:12:40","date_gmt":"2016-09-22T19:12:40","guid":{"rendered":"http:\/\/www.revistazetta.com\/?p=16250"},"modified":"2016-09-22T14:17:55","modified_gmt":"2016-09-22T19:17:55","slug":"institucion-carmen-representara-bolivar-foro-educativo-nacional","status":"publish","type":"post","link":"https:\/\/revistazetta.com\/?p=16250","title":{"rendered":"Instituci\u00f3n de El Carmen representar\u00e1 a Bol\u00edvar en el Foro Educativo Nacional"},"content":{"rendered":"<p>El gobierno departamental a trav\u00e9s de la Unidad de Calidad, de la Secretar\u00eda de Educaci\u00f3n, seleccion\u00f3 la experiencia significativa presentada por la instituci\u00f3n educativa T\u00e9cnica Ecol\u00f3gica Emma Cecilia Arnold, de El Carmen de Bol\u00edvar, como la mejor estrategia de transformaci\u00f3n de ambiente escolar, para que represente al departamento en el Foro Educativo Nacional, que se llevar\u00e1 a cabo en la capital de la Rep\u00fablica del 11 al 13 de octubre.<\/p>\n<p><img loading=\"lazy\" decoding=\"async\" src=\"https:\/\/www.revistazetta.com\/wp-content\/uploads\/2016\/09\/FED1-300x187.jpg\" alt=\"fed1\" width=\"300\" height=\"187\" class=\"alignleft size-medium wp-image-16252\" srcset=\"https:\/\/revistazetta.com\/wp-content\/uploads\/2016\/09\/FED1-300x187.jpg 300w, https:\/\/revistazetta.com\/wp-content\/uploads\/2016\/09\/FED1-234x146.jpg 234w, https:\/\/revistazetta.com\/wp-content\/uploads\/2016\/09\/FED1-50x31.jpg 50w, https:\/\/revistazetta.com\/wp-content\/uploads\/2016\/09\/FED1-120x75.jpg 120w, https:\/\/revistazetta.com\/wp-content\/uploads\/2016\/09\/FED1.jpg 570w\" sizes=\"auto, (max-width: 300px) 100vw, 300px\" \/><\/p>\n<p><img loading=\"lazy\" decoding=\"async\" src=\"https:\/\/www.revistazetta.com\/wp-content\/uploads\/2016\/09\/FED-300x187.jpg\" alt=\"fed\" width=\"300\" height=\"187\" class=\"alignleft size-medium wp-image-16251\" srcset=\"https:\/\/revistazetta.com\/wp-content\/uploads\/2016\/09\/FED-300x187.jpg 300w, https:\/\/revistazetta.com\/wp-content\/uploads\/2016\/09\/FED-234x146.jpg 234w, https:\/\/revistazetta.com\/wp-content\/uploads\/2016\/09\/FED-50x31.jpg 50w, https:\/\/revistazetta.com\/wp-content\/uploads\/2016\/09\/FED-120x75.jpg 120w, https:\/\/revistazetta.com\/wp-content\/uploads\/2016\/09\/FED.jpg 570w\" sizes=\"auto, (max-width: 300px) 100vw, 300px\" \/><\/p>\n<p>La experiencia significativa \u201cLa Misi\u00f3n de la Instituci\u00f3n Educativa en Contextos de Vulnerabilidad Social\u201d cumpli\u00f3 con los lineamientos ministeriales  establecidos en cuanto a la tem\u00e1tica, objetivos, poblaci\u00f3n con la que se trabaja, acciones desarrolladas, participaci\u00f3n resultados y lecciones aprendidas.<\/p>\n<p>El proyecto es liderado por el rector del plantel  Yonis Rafael Olivera Mart\u00ednez, licenciado en Ciencias Sociales, que enmarca la  problem\u00e1tica social que afronta la comunidad educativa del barrio Nari\u00f1o, ubicado en el casco urbano del vecino municipio de El Carmen de Bol\u00edvar, el cual  busca brindar, fomentar, propiciar, desarrollar y promover la cultura de la investigaci\u00f3n en el campo antropol\u00f3gico, sociocultural, ambiental y educativo.<\/p>\n<p>El desarrollo de huertas caseras, huerta escolar, granja did\u00e1ctica  y ecol\u00f3gica, hacen parte de algunos de los proyectos desarrollados con la comunidad en la que se involucra a estudiantes de la media t\u00e9cnica, Sena, padres de familia y docentes, en un barrio que hist\u00f3ricamente ha sido marginado, con familias desempleadas, sin acceso a vivienda digna, servicios p\u00fablicos, salud, y con niveles educativos bajos. <\/p>\n","protected":false},"excerpt":{"rendered":"<p>El gobierno departamental a trav\u00e9s de la Unidad de Calidad, de la Secretar\u00eda de Educaci\u00f3n, seleccion\u00f3 la experiencia significativa presentada por la instituci\u00f3n educativa T\u00e9cnica Ecol\u00f3gica Emma Cecilia Arnold, de El Carmen de Bol\u00edvar, como la mejor estrategia de transformaci\u00f3n de ambiente escolar, para que represente al departamento en el Foro Educativo Nacional, que se llevar\u00e1 a cabo en la capital de la Rep\u00fablica del 11 al 13 de octubre. La experiencia significativa \u201cLa Misi\u00f3n de la Instituci\u00f3n Educativa en Contextos de Vulnerabilidad Social\u201d cumpli\u00f3 con los lineamientos ministeriales establecidos&#8230; <\/p>\n","protected":false},"author":3,"featured_media":16253,"comment_status":"open","ping_status":"closed","sticky":false,"template":"","format":"standard","meta":{"footnotes":"","_links_to":"","_links_to_target":""},"categories":[2,33],"tags":[],"class_list":["post-16250","post","type-post","status-publish","format-standard","has-post-thumbnail","hentry","category-actualidad","category-actualidad-bolivar"],"_links":{"self":[{"href":"https:\/\/revistazetta.com\/index.php?rest_route=\/wp\/v2\/posts\/16250","targetHints":{"allow":["GET"]}}],"collection":[{"href":"https:\/\/revistazetta.com\/index.php?rest_route=\/wp\/v2\/posts"}],"about":[{"href":"https:\/\/revistazetta.com\/index.php?rest_route=\/wp\/v2\/types\/post"}],"author":[{"embeddable":true,"href":"https:\/\/revistazetta.com\/index.php?rest_route=\/wp\/v2\/users\/3"}],"replies":[{"embeddable":true,"href":"https:\/\/revistazetta.com\/index.php?rest_route=%2Fwp%2Fv2%2Fcomments&post=16250"}],"version-history":[{"count":0,"href":"https:\/\/revistazetta.com\/index.php?rest_route=\/wp\/v2\/posts\/16250\/revisions"}],"wp:featuredmedia":[{"embeddable":true,"href":"https:\/\/revistazetta.com\/index.php?rest_route=\/wp\/v2\/media\/16253"}],"wp:attachment":[{"href":"https:\/\/revistazetta.com\/index.php?rest_route=%2Fwp%2Fv2%2Fmedia&parent=16250"}],"wp:term":[{"taxonomy":"category","embeddable":true,"href":"https:\/\/revistazetta.com\/index.php?rest_route=%2Fwp%2Fv2%2Fcategories&post=16250"},{"taxonomy":"post_tag","embeddable":true,"href":"https:\/\/revistazetta.com\/index.php?rest_route=%2Fwp%2Fv2%2Ftags&post=16250"}],"curies":[{"name":"wp","href":"https:\/\/api.w.org\/{rel}","templated":true}]}}