{"id":16299,"date":"2016-09-23T16:19:15","date_gmt":"2016-09-23T21:19:15","guid":{"rendered":"http:\/\/www.revistazetta.com\/?p=16299"},"modified":"2016-09-23T16:20:15","modified_gmt":"2016-09-23T21:20:15","slug":"seguimiento-acuerdos-distrito-pasacaballos-respecto-al-proyecto-transversal-vial-baru","status":"publish","type":"post","link":"https:\/\/revistazetta.com\/?p=16299","title":{"rendered":"Seguimiento a acuerdos entre Distrito y Pasacaballos respecto al proyecto \u2018Transversal Vial Bar\u00fa\u2019"},"content":{"rendered":"<p>El Gobierno Distrital tuvo un nuevo encuentro con el Consejo Comunitario y parte de los residentes del corregimiento de Pasacaballos, con el fin de llevar a cabo  el  seguimiento de acuerdos en el marco del cumplimiento de la sentencia T-745 de 2010 para el proyecto \u2018Transversal Vial Bar\u00fa\u2019.<\/p>\n<p>En este espacio participaron un delegado de la Direcci\u00f3n de Consulta Previa del Ministerio del Interior, la Defensor\u00eda del Pueblo Regional Bol\u00edvar, Dimar, Carqdique y el  Departamento Administrativo de Valorizaci\u00f3n Distrital.<\/p>\n<p>Se retomaron los acuerdos pactados por las partes, entre los cuales se destaca la realizaci\u00f3n del estudio hidr\u00e1ulico y levantamiento topogr\u00e1fico de la cuenca de la comunidad Jorge Eliecer Gait\u00e1n, como base para mitigar las inundaciones en ese sector  y en La Cangrejera.<br \/>\n<img loading=\"lazy\" decoding=\"async\" src=\"https:\/\/www.revistazetta.com\/wp-content\/uploads\/2016\/09\/APD1-300x187.jpg\" alt=\"apd1\" width=\"300\" height=\"187\" class=\"alignright size-medium wp-image-16303\" srcset=\"https:\/\/revistazetta.com\/wp-content\/uploads\/2016\/09\/APD1-300x187.jpg 300w, https:\/\/revistazetta.com\/wp-content\/uploads\/2016\/09\/APD1-234x146.jpg 234w, https:\/\/revistazetta.com\/wp-content\/uploads\/2016\/09\/APD1-50x31.jpg 50w, https:\/\/revistazetta.com\/wp-content\/uploads\/2016\/09\/APD1-120x75.jpg 120w, https:\/\/revistazetta.com\/wp-content\/uploads\/2016\/09\/APD1.jpg 570w\" sizes=\"auto, (max-width: 300px) 100vw, 300px\" \/><br \/>\nTambi\u00e9n temas relacionados con la educaci\u00f3n, cultura, deporte, alumbrado p\u00fablico, salud, gesti\u00f3n ambiental y pavimentaci\u00f3n de v\u00edas, lo cual permitir\u00e1 un mejoramiento de las condiciones de vida de los nativos de Pasacaballos.<\/p>\n<p>\u201cEsta consulta se protocoliz\u00f3 hace aproximadamente dos a\u00f1os y hasta el momento esos acuerdos no se han cumplido. Es importante que el se\u00f1or alcalde Manolo Duque nos colabore para que esos acuerdos se efect\u00faen porque la comunidad est\u00e1 sufriendo, por ser los afectados de las inundaciones\u201d, afirm\u00f3 representante legal del Consejo Comunitario De Pasacaballos Jes\u00fas Anachuri Pi\u00f1a.<\/p>\n<p>\u201cEs una consulta previa que se viene desarrollando a trav\u00e9s del Ministerio del Interior  que busca garantizarle a la comunidad una compensaci\u00f3n por la afectaci\u00f3n que generar\u00e1 la v\u00eda, as\u00ed como la construcci\u00f3n de los drenajes pluviales del sector Jorge Eliecer Gait\u00e1n y la Cangrejera, la terminaci\u00f3n de la calle 12 y la del Campo\u201d, expres\u00f3 el director de Valorizaci\u00f3n, Jorge Marim\u00f3n.<\/p>\n","protected":false},"excerpt":{"rendered":"<p>El Gobierno Distrital tuvo un nuevo encuentro con el Consejo Comunitario y parte de los residentes del corregimiento de Pasacaballos, con el fin de llevar a cabo el seguimiento de acuerdos en el marco del cumplimiento de la sentencia T-745 de 2010 para el proyecto \u2018Transversal Vial Bar\u00fa\u2019. En este espacio participaron un delegado de la Direcci\u00f3n de Consulta Previa del Ministerio del Interior, la Defensor\u00eda del Pueblo Regional Bol\u00edvar, Dimar, Carqdique y el Departamento Administrativo de Valorizaci\u00f3n Distrital. Se retomaron los acuerdos pactados por las partes, entre los cuales&#8230; <\/p>\n","protected":false},"author":3,"featured_media":16302,"comment_status":"open","ping_status":"closed","sticky":false,"template":"","format":"standard","meta":{"footnotes":"","_links_to":"","_links_to_target":""},"categories":[32,86],"tags":[],"class_list":["post-16299","post","type-post","status-publish","format-standard","has-post-thumbnail","hentry","category-actualidad-distrito","category-comunidad"],"_links":{"self":[{"href":"https:\/\/revistazetta.com\/index.php?rest_route=\/wp\/v2\/posts\/16299","targetHints":{"allow":["GET"]}}],"collection":[{"href":"https:\/\/revistazetta.com\/index.php?rest_route=\/wp\/v2\/posts"}],"about":[{"href":"https:\/\/revistazetta.com\/index.php?rest_route=\/wp\/v2\/types\/post"}],"author":[{"embeddable":true,"href":"https:\/\/revistazetta.com\/index.php?rest_route=\/wp\/v2\/users\/3"}],"replies":[{"embeddable":true,"href":"https:\/\/revistazetta.com\/index.php?rest_route=%2Fwp%2Fv2%2Fcomments&post=16299"}],"version-history":[{"count":0,"href":"https:\/\/revistazetta.com\/index.php?rest_route=\/wp\/v2\/posts\/16299\/revisions"}],"wp:featuredmedia":[{"embeddable":true,"href":"https:\/\/revistazetta.com\/index.php?rest_route=\/wp\/v2\/media\/16302"}],"wp:attachment":[{"href":"https:\/\/revistazetta.com\/index.php?rest_route=%2Fwp%2Fv2%2Fmedia&parent=16299"}],"wp:term":[{"taxonomy":"category","embeddable":true,"href":"https:\/\/revistazetta.com\/index.php?rest_route=%2Fwp%2Fv2%2Fcategories&post=16299"},{"taxonomy":"post_tag","embeddable":true,"href":"https:\/\/revistazetta.com\/index.php?rest_route=%2Fwp%2Fv2%2Ftags&post=16299"}],"curies":[{"name":"wp","href":"https:\/\/api.w.org\/{rel}","templated":true}]}}