{"id":16305,"date":"2016-09-23T16:59:20","date_gmt":"2016-09-23T21:59:20","guid":{"rendered":"http:\/\/www.revistazetta.com\/?p=16305"},"modified":"2016-09-23T16:59:20","modified_gmt":"2016-09-23T21:59:20","slug":"fondo-adaptacion-se-compromete-45-mil-millones-vivienda-colegio-achi","status":"publish","type":"post","link":"https:\/\/revistazetta.com\/?p=16305","title":{"rendered":"Fondo de Adaptaci\u00f3n se compromete con $45 mil millones para vivienda y colegio en Ach\u00ed"},"content":{"rendered":"<p>El gobernador de Bol\u00edvar, Dumek Turbay visit\u00f3 el municipio de Ach\u00ed, ubicado en el sur del departamento. Esta vez lleg\u00f3 con Iv\u00e1n Mustaf\u00e1, gerente del Fondo de Adaptaci\u00f3n para entregar las buenas nuevas.<\/p>\n<p>El mandatario, arrib\u00f3 en helic\u00f3ptero a las afueras de Ach\u00ed, exactamente en Majagual, poblaci\u00f3n del departamento de Sucre, acompa\u00f1ado por Mustaf\u00e1 y Edgar Mart\u00ednez, gobernador de Sucre a las 11 de la ma\u00f1ana, donde fueron recibidos por el alcalde de Ach\u00ed, Javier Nadjar Rodr\u00edguez.<br \/>\n<img loading=\"lazy\" decoding=\"async\" src=\"https:\/\/www.revistazetta.com\/wp-content\/uploads\/2016\/09\/IAFA4-300x187.jpg\" alt=\"iafa4\" width=\"300\" height=\"187\" class=\"alignright size-medium wp-image-16312\" srcset=\"https:\/\/revistazetta.com\/wp-content\/uploads\/2016\/09\/IAFA4-300x187.jpg 300w, https:\/\/revistazetta.com\/wp-content\/uploads\/2016\/09\/IAFA4-234x146.jpg 234w, https:\/\/revistazetta.com\/wp-content\/uploads\/2016\/09\/IAFA4-50x31.jpg 50w, https:\/\/revistazetta.com\/wp-content\/uploads\/2016\/09\/IAFA4-120x75.jpg 120w, https:\/\/revistazetta.com\/wp-content\/uploads\/2016\/09\/IAFA4.jpg 570w\" sizes=\"auto, (max-width: 300px) 100vw, 300px\" \/><\/p>\n<p><img loading=\"lazy\" decoding=\"async\" src=\"https:\/\/www.revistazetta.com\/wp-content\/uploads\/2016\/09\/IAFA5-300x187.jpg\" alt=\"iafa5\" width=\"300\" height=\"187\" class=\"alignright size-medium wp-image-16313\" srcset=\"https:\/\/revistazetta.com\/wp-content\/uploads\/2016\/09\/IAFA5-300x187.jpg 300w, https:\/\/revistazetta.com\/wp-content\/uploads\/2016\/09\/IAFA5-234x146.jpg 234w, https:\/\/revistazetta.com\/wp-content\/uploads\/2016\/09\/IAFA5-50x31.jpg 50w, https:\/\/revistazetta.com\/wp-content\/uploads\/2016\/09\/IAFA5-120x75.jpg 120w, https:\/\/revistazetta.com\/wp-content\/uploads\/2016\/09\/IAFA5.jpg 570w\" sizes=\"auto, (max-width: 300px) 100vw, 300px\" \/><\/p>\n<p><img loading=\"lazy\" decoding=\"async\" src=\"https:\/\/www.revistazetta.com\/wp-content\/uploads\/2016\/09\/IAFA2-300x187.jpg\" alt=\"iafa2\" width=\"300\" height=\"187\" class=\"alignright size-medium wp-image-16311\" srcset=\"https:\/\/revistazetta.com\/wp-content\/uploads\/2016\/09\/IAFA2-300x187.jpg 300w, https:\/\/revistazetta.com\/wp-content\/uploads\/2016\/09\/IAFA2-234x146.jpg 234w, https:\/\/revistazetta.com\/wp-content\/uploads\/2016\/09\/IAFA2-50x31.jpg 50w, https:\/\/revistazetta.com\/wp-content\/uploads\/2016\/09\/IAFA2-120x75.jpg 120w, https:\/\/revistazetta.com\/wp-content\/uploads\/2016\/09\/IAFA2.jpg 570w\" sizes=\"auto, (max-width: 300px) 100vw, 300px\" \/><br \/>\nLa primera parada de la visita fue en Majagual, donde el gobernador de Sucre inaugur\u00f3 el colegio San Jos\u00e9. La segunda visita se realiz\u00f3 al municipio de Ach\u00ed, donde la alcald\u00eda, en cabeza de Javier Nadjar, se comprometi\u00f3 a la consecuci\u00f3n de un lote para la construcci\u00f3n de 700 viviendas y un colegio que le brinde progreso y mejor calidad de vida a los habitantes de esta poblaci\u00f3n.<\/p>\n<p>\u00abLos recursos ya est\u00e1n, sabemos que el alcalde podr\u00e1 conseguir el lote para que Ach\u00ed siga avanzando. El progreso trae paz y Achi se lo merece\u00bb, expres\u00f3 el Gobernador.<br \/>\n<img loading=\"lazy\" decoding=\"async\" src=\"https:\/\/www.revistazetta.com\/wp-content\/uploads\/2016\/09\/IAFA-300x187.jpg\" alt=\"iafa\" width=\"300\" height=\"187\" class=\"alignright size-medium wp-image-16309\" srcset=\"https:\/\/revistazetta.com\/wp-content\/uploads\/2016\/09\/IAFA-300x187.jpg 300w, https:\/\/revistazetta.com\/wp-content\/uploads\/2016\/09\/IAFA-234x146.jpg 234w, https:\/\/revistazetta.com\/wp-content\/uploads\/2016\/09\/IAFA-50x31.jpg 50w, https:\/\/revistazetta.com\/wp-content\/uploads\/2016\/09\/IAFA-120x75.jpg 120w, https:\/\/revistazetta.com\/wp-content\/uploads\/2016\/09\/IAFA.jpg 570w\" sizes=\"auto, (max-width: 300px) 100vw, 300px\" \/><\/p>\n<p><img loading=\"lazy\" decoding=\"async\" src=\"https:\/\/www.revistazetta.com\/wp-content\/uploads\/2016\/09\/IAFA1-300x187.jpg\" alt=\"iafa1\" width=\"300\" height=\"187\" class=\"alignright size-medium wp-image-16310\" srcset=\"https:\/\/revistazetta.com\/wp-content\/uploads\/2016\/09\/IAFA1-300x187.jpg 300w, https:\/\/revistazetta.com\/wp-content\/uploads\/2016\/09\/IAFA1-234x146.jpg 234w, https:\/\/revistazetta.com\/wp-content\/uploads\/2016\/09\/IAFA1-50x31.jpg 50w, https:\/\/revistazetta.com\/wp-content\/uploads\/2016\/09\/IAFA1-120x75.jpg 120w, https:\/\/revistazetta.com\/wp-content\/uploads\/2016\/09\/IAFA1.jpg 570w\" sizes=\"auto, (max-width: 300px) 100vw, 300px\" \/><br \/>\nLa inversi\u00f3n para Achi desde el Fondo de Adaptaci\u00f3n es de $45.000 millones. \u00abNecesitamos que este lote sea adquirido para que el proyecto sea una realidad. Son 45 mil millones para estas viviendas\u00bb, expres\u00f3 Mustaf\u00e1.<\/p>\n<p>El alcalde de Ach\u00ed tambi\u00e9n se comprometi\u00f3 a hacer todo lo posible para que este lote pueda ser adquirido.<\/p>\n","protected":false},"excerpt":{"rendered":"<p>El gobernador de Bol\u00edvar, Dumek Turbay visit\u00f3 el municipio de Ach\u00ed, ubicado en el sur del departamento. Esta vez lleg\u00f3 con Iv\u00e1n Mustaf\u00e1, gerente del Fondo de Adaptaci\u00f3n para entregar las buenas nuevas. El mandatario, arrib\u00f3 en helic\u00f3ptero a las afueras de Ach\u00ed, exactamente en Majagual, poblaci\u00f3n del departamento de Sucre, acompa\u00f1ado por Mustaf\u00e1 y Edgar Mart\u00ednez, gobernador de Sucre a las 11 de la ma\u00f1ana, donde fueron recibidos por el alcalde de Ach\u00ed, Javier Nadjar Rodr\u00edguez. La primera parada de la visita fue en Majagual, donde el gobernador de&#8230; <\/p>\n","protected":false},"author":3,"featured_media":16314,"comment_status":"open","ping_status":"closed","sticky":false,"template":"","format":"standard","meta":{"footnotes":"","_links_to":"","_links_to_target":""},"categories":[75,33,83],"tags":[],"class_list":["post-16305","post","type-post","status-publish","format-standard","has-post-thumbnail","hentry","category-destacada","category-actualidad-bolivar","category-municipios"],"_links":{"self":[{"href":"https:\/\/revistazetta.com\/index.php?rest_route=\/wp\/v2\/posts\/16305","targetHints":{"allow":["GET"]}}],"collection":[{"href":"https:\/\/revistazetta.com\/index.php?rest_route=\/wp\/v2\/posts"}],"about":[{"href":"https:\/\/revistazetta.com\/index.php?rest_route=\/wp\/v2\/types\/post"}],"author":[{"embeddable":true,"href":"https:\/\/revistazetta.com\/index.php?rest_route=\/wp\/v2\/users\/3"}],"replies":[{"embeddable":true,"href":"https:\/\/revistazetta.com\/index.php?rest_route=%2Fwp%2Fv2%2Fcomments&post=16305"}],"version-history":[{"count":0,"href":"https:\/\/revistazetta.com\/index.php?rest_route=\/wp\/v2\/posts\/16305\/revisions"}],"wp:featuredmedia":[{"embeddable":true,"href":"https:\/\/revistazetta.com\/index.php?rest_route=\/wp\/v2\/media\/16314"}],"wp:attachment":[{"href":"https:\/\/revistazetta.com\/index.php?rest_route=%2Fwp%2Fv2%2Fmedia&parent=16305"}],"wp:term":[{"taxonomy":"category","embeddable":true,"href":"https:\/\/revistazetta.com\/index.php?rest_route=%2Fwp%2Fv2%2Fcategories&post=16305"},{"taxonomy":"post_tag","embeddable":true,"href":"https:\/\/revistazetta.com\/index.php?rest_route=%2Fwp%2Fv2%2Ftags&post=16305"}],"curies":[{"name":"wp","href":"https:\/\/api.w.org\/{rel}","templated":true}]}}