{"id":16505,"date":"2016-10-01T08:13:10","date_gmt":"2016-10-01T13:13:10","guid":{"rendered":"http:\/\/www.revistazetta.com\/?p=16505"},"modified":"2016-10-01T08:13:10","modified_gmt":"2016-10-01T13:13:10","slug":"se-consagra-alianza-tres-fiestas-hermanas","status":"publish","type":"post","link":"https:\/\/revistazetta.com\/?p=16505","title":{"rendered":"Se consagra alianza entre tres fiestas hermanas"},"content":{"rendered":"<p>En el marco del mes del patrimonio, el Instituto de Patrimonio y Cultura de Cartagena (IPCC), oficializ\u00f3 una triple alianza entre las Fiestas de Independencia, el Carnaval de Barranquilla y las Fiestas de San Francisco de As\u00eds. Esto con la finalidad de fortalecer las pr\u00e1cticas culturales que se desarrollan en Cartagena, Barranquilla, y Choc\u00f3, mediante apoyo y mutuo aprendizaje.<\/p>\n<p>La noticia fue revelada por la directora del IPCC, Bertha Luc\u00eda Arnedo, en medio del panel \u2018Fiestas y Carnavales: del riesgo a la salvaguardia, los casos de Barranquilla y Cartagena\u2019, organizado por el Ministerio de Cultura, el cual se desarroll\u00f3 en la Escuela Taller de Cartagena de Indias, con las intervenciones de Carla Celia y Mirta Buelvas en representaci\u00f3n del Carnaval de Barranquilla; Alfonso Arce del Comit\u00e9 por la Revitalizaci\u00f3n de las Fiestas de Independencia, Miguel Caraballo del Cabildo de Getseman\u00ed y Alberto Abello Vives.<\/p>\n<p>\u201cHemos implementado una alianza entre el Carnaval de Barranquilla, las Fiestas de San Pacho (Choc\u00f3), y las Fiestas de Independencia, para seguir teniendo, como lo hemos venido teniendo desde el Ministerio de Cultura y desde el Comit\u00e9 de Revitalizaci\u00f3n, el acompa\u00f1amiento necesario para salir adelante, y de manera exitosa, con todo este proceso (incluir las Fiestas de Independencia de Cartagena en la Lista Representativa de Patrimonio Cultural Inmaterial)\u201d, dijo Bertha Arnedo, quien tambi\u00e9n manifest\u00f3 la intenci\u00f3n de conseguir un punto de arranque para salvaguardar las fiestas, el cual pude darse, con la inclusi\u00f3n de tal manifestaci\u00f3n en la LRPCI.<\/p>\n<p>\u201cLas Fiestas de Independencia son un proyecto de ciudad que nos puede generar muchas otras din\u00e1micas, como acercarnos como ciudadanos, brindar oportunidades de trabajo, fomentar el desarrollo humano, cultural, y ayudar a contar otra ciudad distinta a la que normalmente los propios y los extra\u00f1os tenemos en el imaginario\u201d destac\u00f3 la directora del IPCC.<\/p>\n<p>Por su parte la directora del Carnaval de Barranquilla, Carla Celia, extendi\u00f3 un reconocimiento grande a Cartagena por ser una de las matrices del carnaval de los barranquilleros. \u201cEl Carnaval de Barranquilla viene del Carnaval de Cartagena, de Santa Marta, Mompox y todas las poblaciones aleda\u00f1as que han sido los grandes proveedores  de esas tradiciones, entonces lo primero es dar ese reconocimiento a Cartagena\u201d.<\/p>\n<p>Celia hizo entrega de la m\u00e1scara del torito, s\u00edmbolo del Carnaval de Barranquilla, para sellar la uni\u00f3n entre dos fiestas hermanas que se conceder\u00e1n mucho apoyo a partir de este momento. <\/p>\n","protected":false},"excerpt":{"rendered":"<p>En el marco del mes del patrimonio, el Instituto de Patrimonio y Cultura de Cartagena (IPCC), oficializ\u00f3 una triple alianza entre las Fiestas de Independencia, el Carnaval de Barranquilla y las Fiestas de San Francisco de As\u00eds. Esto con la finalidad de fortalecer las pr\u00e1cticas culturales que se desarrollan en Cartagena, Barranquilla, y Choc\u00f3, mediante apoyo y mutuo aprendizaje. La noticia fue revelada por la directora del IPCC, Bertha Luc\u00eda Arnedo, en medio del panel \u2018Fiestas y Carnavales: del riesgo a la salvaguardia, los casos de Barranquilla y Cartagena\u2019, organizado&#8230; <\/p>\n","protected":false},"author":3,"featured_media":16509,"comment_status":"open","ping_status":"closed","sticky":false,"template":"","format":"standard","meta":{"footnotes":"","_links_to":"","_links_to_target":""},"categories":[2,41],"tags":[],"class_list":["post-16505","post","type-post","status-publish","format-standard","has-post-thumbnail","hentry","category-actualidad","category-cultura"],"_links":{"self":[{"href":"https:\/\/revistazetta.com\/index.php?rest_route=\/wp\/v2\/posts\/16505","targetHints":{"allow":["GET"]}}],"collection":[{"href":"https:\/\/revistazetta.com\/index.php?rest_route=\/wp\/v2\/posts"}],"about":[{"href":"https:\/\/revistazetta.com\/index.php?rest_route=\/wp\/v2\/types\/post"}],"author":[{"embeddable":true,"href":"https:\/\/revistazetta.com\/index.php?rest_route=\/wp\/v2\/users\/3"}],"replies":[{"embeddable":true,"href":"https:\/\/revistazetta.com\/index.php?rest_route=%2Fwp%2Fv2%2Fcomments&post=16505"}],"version-history":[{"count":0,"href":"https:\/\/revistazetta.com\/index.php?rest_route=\/wp\/v2\/posts\/16505\/revisions"}],"wp:featuredmedia":[{"embeddable":true,"href":"https:\/\/revistazetta.com\/index.php?rest_route=\/wp\/v2\/media\/16509"}],"wp:attachment":[{"href":"https:\/\/revistazetta.com\/index.php?rest_route=%2Fwp%2Fv2%2Fmedia&parent=16505"}],"wp:term":[{"taxonomy":"category","embeddable":true,"href":"https:\/\/revistazetta.com\/index.php?rest_route=%2Fwp%2Fv2%2Fcategories&post=16505"},{"taxonomy":"post_tag","embeddable":true,"href":"https:\/\/revistazetta.com\/index.php?rest_route=%2Fwp%2Fv2%2Ftags&post=16505"}],"curies":[{"name":"wp","href":"https:\/\/api.w.org\/{rel}","templated":true}]}}