{"id":16642,"date":"2016-10-05T17:52:15","date_gmt":"2016-10-05T22:52:15","guid":{"rendered":"http:\/\/www.revistazetta.com\/?p=16642"},"modified":"2016-10-05T17:52:15","modified_gmt":"2016-10-05T22:52:15","slug":"etnoeducacion-tema-discusion-catedra-del-decenio-afrodescendiente","status":"publish","type":"post","link":"https:\/\/revistazetta.com\/?p=16642","title":{"rendered":"Etnoeducaci\u00f3n, tema de discusi\u00f3n en C\u00e1tedra del Decenio Afrodescendiente"},"content":{"rendered":"<p>La m\u00e1s reciente discusi\u00f3n, realizada en el marco del Decenio de las Comunidades Afrodescendientes, gir\u00f3 en torno a la etnoeducaci\u00f3n en el Caribe colombiano, y se llev\u00f3 a cabo en las instalaciones del Museo Hist\u00f3rico de Cartagena MUHCA.<\/p>\n<p>El panel cont\u00f3 con la presencia de expertos en el tema como Mar\u00eda Isabel Mena, Miguel Obeso y Teresa Cassiani, quienes explicaron a los asistentes, en qu\u00e9 consiste la C\u00e1tedra del Estudio Afro Colombiano, creada por la Ley 70 de 1993, y que se concreta a trav\u00e9s del decreto 1122 de 1998.<\/p>\n<p>La encargada de abrir el panel fue la etnoeducadora de San Basilio de Palenque, Teresa Cassiani, quien plante\u00f3 varios momentos por los que ha transcurrido la etnoeducaci\u00f3n. \u201cSurge desde las comunidades negras, en el Caribe colombiano, como respuesta a la crisis en el nivel educativo, econ\u00f3mico y social en los a\u00f1os 80 y hace parte de la lucha constante de las comunidades afro colombianas\u201d, asegur\u00f3 en medio de su intervenci\u00f3n.<\/p>\n<p>Por su parte, Miguel Obeso, investigador y l\u00edder palenquero, inici\u00f3 su discusi\u00f3n hablando en lengua nativa de San Basilio de Palenque, para luego entablar una conversaci\u00f3n en torno a los aportes que, desde los movimientos sociales afrocolombianos, se les han otorgado a las comunidades afro en Colombia, como el Festival de Tambores de Palenque.<\/p>\n<p>La tambi\u00e9n investigadora y etnoeducadora Mar\u00eda Isabel Mena, habl\u00f3 desde su experiencia, tras haber sido asesora del Ministerio de Educaci\u00f3n Nacional para la educaci\u00f3n afrocolombiana y para los proyectos etnoeducativos afrocolombianos, abriendo el debate hacia la importancia de conocer sobre la historia afro americana y afro colombiana, no solo para las mismas comunidades afro,  sino tambi\u00e9n para todos los colombianos.<\/p>\n","protected":false},"excerpt":{"rendered":"<p>La m\u00e1s reciente discusi\u00f3n, realizada en el marco del Decenio de las Comunidades Afrodescendientes, gir\u00f3 en torno a la etnoeducaci\u00f3n en el Caribe colombiano, y se llev\u00f3 a cabo en las instalaciones del Museo Hist\u00f3rico de Cartagena MUHCA. El panel cont\u00f3 con la presencia de expertos en el tema como Mar\u00eda Isabel Mena, Miguel Obeso y Teresa Cassiani, quienes explicaron a los asistentes, en qu\u00e9 consiste la C\u00e1tedra del Estudio Afro Colombiano, creada por la Ley 70 de 1993, y que se concreta a trav\u00e9s del decreto 1122 de 1998&#8230;. <\/p>\n","protected":false},"author":3,"featured_media":16643,"comment_status":"open","ping_status":"closed","sticky":false,"template":"","format":"standard","meta":{"footnotes":"","_links_to":"","_links_to_target":""},"categories":[41],"tags":[],"class_list":["post-16642","post","type-post","status-publish","format-standard","has-post-thumbnail","hentry","category-cultura"],"_links":{"self":[{"href":"https:\/\/revistazetta.com\/index.php?rest_route=\/wp\/v2\/posts\/16642","targetHints":{"allow":["GET"]}}],"collection":[{"href":"https:\/\/revistazetta.com\/index.php?rest_route=\/wp\/v2\/posts"}],"about":[{"href":"https:\/\/revistazetta.com\/index.php?rest_route=\/wp\/v2\/types\/post"}],"author":[{"embeddable":true,"href":"https:\/\/revistazetta.com\/index.php?rest_route=\/wp\/v2\/users\/3"}],"replies":[{"embeddable":true,"href":"https:\/\/revistazetta.com\/index.php?rest_route=%2Fwp%2Fv2%2Fcomments&post=16642"}],"version-history":[{"count":0,"href":"https:\/\/revistazetta.com\/index.php?rest_route=\/wp\/v2\/posts\/16642\/revisions"}],"wp:featuredmedia":[{"embeddable":true,"href":"https:\/\/revistazetta.com\/index.php?rest_route=\/wp\/v2\/media\/16643"}],"wp:attachment":[{"href":"https:\/\/revistazetta.com\/index.php?rest_route=%2Fwp%2Fv2%2Fmedia&parent=16642"}],"wp:term":[{"taxonomy":"category","embeddable":true,"href":"https:\/\/revistazetta.com\/index.php?rest_route=%2Fwp%2Fv2%2Fcategories&post=16642"},{"taxonomy":"post_tag","embeddable":true,"href":"https:\/\/revistazetta.com\/index.php?rest_route=%2Fwp%2Fv2%2Ftags&post=16642"}],"curies":[{"name":"wp","href":"https:\/\/api.w.org\/{rel}","templated":true}]}}