{"id":16695,"date":"2016-10-06T19:47:42","date_gmt":"2016-10-07T00:47:42","guid":{"rendered":"http:\/\/www.revistazetta.com\/?p=16695"},"modified":"2016-10-06T19:47:42","modified_gmt":"2016-10-07T00:47:42","slug":"4-dias-salvar-proceso-paz-sin-plebiscito-opinion-andres-garcia-zuccardi","status":"publish","type":"post","link":"https:\/\/revistazetta.com\/?p=16695","title":{"rendered":"4 d\u00edas y c\u00f3mo salvar el proceso de paz sin plebiscito &#8211; Opini\u00f3n de Andr\u00e9s Garc\u00eda Zuccardi"},"content":{"rendered":"<blockquote><p><strong>Por Andr\u00e9s Felipe Garc\u00eda Zuccardi (Senador de la Rep\u00fablica &#8211; Especial para Revista Zetta).-<\/strong>\u00a0Desde los sorprendentes resultados del domingo 2 de octubre, no se ha parado de especular sobre las soluciones a este tema tan pol\u00e9mico. El d\u00eda de hoy se mueven en redes tres (3) sucesos significativos y considero importante hacer algunas aclaraciones al respecto que ojal\u00e1 nos orienten hacia procesos constructivos en vez de destructivos: (1)\u00a0<a href=\"https:\/\/caracol.com.co\/programa\/2016\/10\/03\/6am_hoy_por_hoy\/1475500712_557071.html\" target=\"_blank\" rel=\"noopener\">Las iniciativas para salvar al proceso de paz en Colombia<\/a>, (2) las cr\u00edticas a las\u00a0<a href=\"https:\/\/www.bluradio.com\/paz\/tergiversamos-mensajes-porque-los-del-si-tambien-lo-hicieron-juan-carlos-velez-118646\" target=\"_blank\" rel=\"noopener\">declaraciones del Gerente de la Campa\u00f1a por el NO<\/a>, Juan Carlos V\u00e9lez\u00a0y (3) \u00a0<a href=\"https:\/\/www.eltiempo.com\/colombia\/otras-ciudades\/marchas-por-la-paz-en-colombia\/16719248\" target=\"_blank\" rel=\"noopener\">La masiva marcha\u00a0<\/a>de estudiantes ayer.<\/p><\/blockquote>\n<p><b><img loading=\"lazy\" decoding=\"async\" class=\"size-medium wp-image-16697 alignleft\" src=\"https:\/\/www.revistazetta.com\/wp-content\/uploads\/2016\/10\/Jovenes-plaza-copy-300x188.jpg\" alt=\"jovenes-plaza-copy\" width=\"300\" height=\"188\" srcset=\"https:\/\/revistazetta.com\/wp-content\/uploads\/2016\/10\/Jovenes-plaza-copy-300x188.jpg 300w, https:\/\/revistazetta.com\/wp-content\/uploads\/2016\/10\/Jovenes-plaza-copy-234x146.jpg 234w, https:\/\/revistazetta.com\/wp-content\/uploads\/2016\/10\/Jovenes-plaza-copy-50x31.jpg 50w, https:\/\/revistazetta.com\/wp-content\/uploads\/2016\/10\/Jovenes-plaza-copy-120x75.jpg 120w, https:\/\/revistazetta.com\/wp-content\/uploads\/2016\/10\/Jovenes-plaza-copy.jpg 576w\" sizes=\"auto, (max-width: 300px) 100vw, 300px\" \/>La manifestaci\u00f3n de los estudiantes<\/b>\u00a0no me la esperaba, fue casi tan sorpresiva como los resultados del plebiscito, y la celebro desde el fondo de mi coraz\u00f3n porque reafirma que los j\u00f3venes del pa\u00eds si participamos en pol\u00edtica (aclaro que tengo 33 a\u00f1os), ratifica que somos los j\u00f3venes uno de los grupos m\u00e1s interesados en que haya paz en Colombia y demuestra que, aunque pas\u00f3 con la paz algo muy similar a lo que pas\u00f3 con el BREXIT, a diferencia de Inglaterra, en Colombia s\u00ed podemos sobrepasar las dificultades por las que est\u00e1 pasando el proceso de paz y sacar lo mejor de ellas.<\/p>\n<p>Podemos tomar los resultados del 2 de octubre como un fracaso exitoso y valorar el despertar de los colombianos, quienes se han mostrado m\u00e1s participativos pol\u00edticamente que nunca en las redes sociales; tenemos la oportunidad de mejorar el Acuerdo actual, incluyendo tambi\u00e9n a las voces que se alzaron en contra el documento de casi 300 p\u00e1ginas.<\/p>\n<p><b><\/b><b>Las declaraciones de la campa\u00f1a del NO<\/b>\u00a0definitivamente NO me sorprenden; era claro que hubo financiaci\u00f3n, era claro que se basaron en emociones de indignaci\u00f3n y rechazo, y era claro que habr\u00edan cr\u00edticas a los m\u00e9todos empleados en la campa\u00f1a. Lo que s\u00ed parece incre\u00edble es que, despu\u00e9s de los resultados del domingo pasado que demuestran claramente que el pa\u00eds est\u00e1 polarizado frente al acuerdo que fue pactado en La Habana y ratificado en Cartagena, \u00a0algunos medios de comunicaci\u00f3n, al igual que dirigentes y comentaristas de la pol\u00edtica en nuestro pa\u00eds, sigan enfocados en \u201cecharle le\u00f1a a la hoguera\u201d.<\/p>\n<p><b><\/b><b>Las iniciativas para salvar el proceso de paz\u00a0<\/b>las valoro TODAS. Algunas tendr\u00e1n mejores argumentos pol\u00edticos o jur\u00eddicos que otras, pero es necesario reconocer TODOS los esfuerzos que nos ayuden a mejorar y sacar adelante el proceso de paz con las Farc. Las ideas son varias y algunas de las que m\u00e1s he escuchado son: (a) Complementar mesa de di\u00e1logo con representantes pol\u00edticos del NO; (b) Convocar un nuevo plebiscito; (c) Convocar un cabildo abierto; y (d) \u00a0Acabar con el proceso de paz.<\/p>\n<p>De hecho, nos encontramos en discusiones al interior del Partido de la U sobre estas iniciativas, espec\u00edficamente, sobre una que ha generado debate y controversia promovida por los Senadores Armando Benedetti y Roy Barreras\u00a0<a href=\"https:\/\/twitter.com\/AABenedetti\/status\/784006362623795200\" target=\"_blank\" rel=\"noopener\">sobre un nuevo plebiscito<\/a>, iniciativa que requerir\u00eda que la Corte Constitucional estudie la posibilidad de realizar de nuevo una jornada electoral para refrendar el Acuerdo Final (<a href=\"https:\/\/www.eltiempo.com\/politica\/partidos-politicos\/propuesta-de-la-u-para-repetir-el-plebiscito-por-la-paz\/16719957\" target=\"_blank\" rel=\"noopener\">Aqu\u00ed m\u00e1s informaci\u00f3n<\/a>). En cambio yo rechazo al 100% esta posible soluci\u00f3n.<\/p>\n<p><b><\/b><b>Un nuevo plebiscito ser\u00eda otra embarrada monumental<\/b>, y digo \u201cotra\u201d porque la primera fue que hubi\u00e9semos perdido quienes apoyamos el S\u00cd en el plebiscito del 2 de octubre de 2016 (<a href=\"https:\/\/www.andresgarciazuccardi.com\/reaccion-santista-ante-triunfo-del-no\/\" target=\"_blank\" rel=\"noopener\">Lea aqu\u00ed el art\u00edculo<\/a>) y porque el proceso de paz se encuentra en un estado cr\u00edtico y la soluci\u00f3n que definamos debe ser pr\u00e1ctica y decisiva.<\/p>\n<p><b><\/b>Este tema es muy sensible, y lo importante en este momento es buscar soluciones \u00e1giles frente al tiempo y los recursos con los que contamos para evitar el riesgo de finalizar este proceso sin \u00e9xito. El Senador Benedetti asegur\u00f3 que el hurac\u00e1n Matthew fue uno de los factores que influenciaron la baja participaci\u00f3n en el Caribe en la jornada electoral, sin embargo, en la realizaci\u00f3n de una nueva jornada de votaci\u00f3n se correr\u00eda tambi\u00e9n el riesgo de otros fen\u00f3menos naturales afecten los resultados de las votaciones. Nadie nos garantiza que durante la nueva jornada el clima nos favorezca y nada nos garantiza que no se presenten novedades en el \u00e1mbito pol\u00edtico que inclinen de nuevo a la mayor\u00eda de los ciudadanos a votar por el NO.<\/p>\n<p><b><\/b>La idea del nuevo plebiscito cuenta con argumentos jur\u00eddicos y pol\u00edticos y reconozco que los factores clim\u00e1ticos afectan sin duda alguna las votaciones (<a href=\"https:\/\/www.andresgarciazuccardi.com\/lluvias-huracan-matthew-ponen-prueba-al-no-plebiscito-este-2-octubre\/\" target=\"_blank\" rel=\"noopener\">Lea aqu\u00ed art\u00edculo completo<\/a>), pero precisamente porque son fen\u00f3menos que no podemos controlar y porque un nuevo plebiscito es un sue\u00f1o sin cimientos pr\u00e1cticos teniendo en cuenta la actual condici\u00f3n cr\u00edtica del proceso de paz y la incertidumbre que hay en el pa\u00eds y a nivel internacional, estoy \u00a0totalmente en contra de una nueva convocatoria a una refrendaci\u00f3n. (<a href=\"https:\/\/www.semana.com\/nacion\/articulo\/plebiscito-por-la-paz-armando-benedetti-solicita-a-la-corte-repetir-plebiscito\/497937\" target=\"_blank\" rel=\"noopener\">Pol\u00e9mica por propuesta que pide repetir el plebiscito<\/a>)<\/p>\n<p><b><\/b>Opino que es hora de dejar de buscar excusas y culpables y que las declaraciones del Senador Benedetti \u00a0contribuyen al debate sobre si las cabezas del ejecutivo y los partidos que est\u00e1n en la Unidad Nacional y que lideraron las campa\u00f1as del S\u00cd deben asumir su responsabilidad y renunciar por los resultados del domingo tal como S\u00cd sucedi\u00f3 con el BREXIT en Inglaterra. Y como apoyo que las cr\u00edticas sean siempre constructivas, reitero que valoro todas las ideas y el debate, as\u00ed no estemos siempre de acuerdo, y a continuaci\u00f3n sugiero la soluci\u00f3n que considero m\u00e1s viable.<\/p>\n<p><b><\/b><b>Propongo para salvar el proceso de paz<\/b>, que es muy IMPORTANTE conocer que el proceso est\u00e1 muy vivo desde el punto de vista JUR\u00cdDICO, que la votaci\u00f3n del plebiscito es un hecho POL\u00cdTICO, y por lo tanto para salvar el proceso necesita es vida pol\u00edtica. La mejor ruta \u2013 en t\u00e9rminos de tiempos, recursos, m\u00e9todo<strong>**<\/strong>, y construir sobre los avances del pasado \u2013 es claramente complementar al equipo negociador con representantes leg\u00edtimos desde la perspectiva pol\u00edtica del NO \u2013 por ejemplo \u00c1lvaro Uribe V\u00e9lez (Ex Presidente de Colombia y actualmente Senador, Fundador y L\u00edder m\u00e1ximo del partido Centro Democr\u00e1tico), Andr\u00e9s Pastrana (Ex Presidente de Colombia), Alejandro Ordo\u00f1ez (Ex Procurador), y los comit\u00e9s independientes por el NO \u2013 y llegar a un acuerdo con cambios lo m\u00e1s pronto posible y que la implementaci\u00f3n del acuerdo ajustado tambi\u00e9n sea lo m\u00e1s pronto posible.<\/p>\n<p><b><\/b>Por lo tanto, solicito a todos que: (1) concentremos todos nuestros esfuerzos en salvar el proceso de paz; (2) participemos en pol\u00edtica desde una perspectiva cr\u00edtica, constructiva, que incluya actitud positiva y sin tomar decisiones como un plebiscito a la ligera; y (3) tomemos todo lo que ha sucedido como una ense\u00f1anza valiosa y un fracaso exitoso.<\/p>\n<p><b><\/b><strong>#SalvarElProcesoDePazEsSencillo #PensemosDiferente<\/strong><\/p>\n<p>&nbsp;<\/p>\n<p><strong>Por:<\/strong>\u00a0Andr\u00e9s Garc\u00eda Zuccardi, Senador de la Rep\u00fablica.<\/p>\n<p>Recuerden contactarme con sus comentarios, sugerencias y cualquier informaci\u00f3n \u00a0enviando un mensaje a mi correo: prensa@andresgarciazuccardi.com o info@andresgarciazuccardi.com<\/p>\n","protected":false},"excerpt":{"rendered":"<p>Por Andr\u00e9s Felipe Garc\u00eda Zuccardi (Senador de la Rep\u00fablica &#8211; Especial para Revista Zetta).-\u00a0Desde los sorprendentes resultados del domingo 2 de octubre, no se ha parado de especular sobre las soluciones a este tema tan pol\u00e9mico. El d\u00eda de hoy se mueven en redes tres (3) sucesos significativos y considero importante hacer algunas aclaraciones al respecto que ojal\u00e1 nos orienten hacia procesos constructivos en vez de destructivos: (1)\u00a0Las iniciativas para salvar al proceso de paz en Colombia, (2) las cr\u00edticas a las\u00a0declaraciones del Gerente de la Campa\u00f1a por el NO,&#8230; <\/p>\n","protected":false},"author":3,"featured_media":16696,"comment_status":"open","ping_status":"closed","sticky":false,"template":"","format":"standard","meta":{"footnotes":"","_links_to":"","_links_to_target":""},"categories":[75,44,65],"tags":[],"class_list":["post-16695","post","type-post","status-publish","format-standard","has-post-thumbnail","hentry","category-destacada","category-materiagris","category-opinion"],"_links":{"self":[{"href":"https:\/\/revistazetta.com\/index.php?rest_route=\/wp\/v2\/posts\/16695","targetHints":{"allow":["GET"]}}],"collection":[{"href":"https:\/\/revistazetta.com\/index.php?rest_route=\/wp\/v2\/posts"}],"about":[{"href":"https:\/\/revistazetta.com\/index.php?rest_route=\/wp\/v2\/types\/post"}],"author":[{"embeddable":true,"href":"https:\/\/revistazetta.com\/index.php?rest_route=\/wp\/v2\/users\/3"}],"replies":[{"embeddable":true,"href":"https:\/\/revistazetta.com\/index.php?rest_route=%2Fwp%2Fv2%2Fcomments&post=16695"}],"version-history":[{"count":0,"href":"https:\/\/revistazetta.com\/index.php?rest_route=\/wp\/v2\/posts\/16695\/revisions"}],"wp:featuredmedia":[{"embeddable":true,"href":"https:\/\/revistazetta.com\/index.php?rest_route=\/wp\/v2\/media\/16696"}],"wp:attachment":[{"href":"https:\/\/revistazetta.com\/index.php?rest_route=%2Fwp%2Fv2%2Fmedia&parent=16695"}],"wp:term":[{"taxonomy":"category","embeddable":true,"href":"https:\/\/revistazetta.com\/index.php?rest_route=%2Fwp%2Fv2%2Fcategories&post=16695"},{"taxonomy":"post_tag","embeddable":true,"href":"https:\/\/revistazetta.com\/index.php?rest_route=%2Fwp%2Fv2%2Ftags&post=16695"}],"curies":[{"name":"wp","href":"https:\/\/api.w.org\/{rel}","templated":true}]}}