{"id":16698,"date":"2016-10-07T06:44:44","date_gmt":"2016-10-07T11:44:44","guid":{"rendered":"http:\/\/www.revistazetta.com\/?p=16698"},"modified":"2016-10-07T06:48:43","modified_gmt":"2016-10-07T11:48:43","slug":"lucha-la-paz-historia-santos-premio-nobel-paz","status":"publish","type":"post","link":"https:\/\/revistazetta.com\/?p=16698","title":{"rendered":"Lucha por la paz hace historia: Santos, premio Nobel de Paz"},"content":{"rendered":"<p id=\"tw-target-text\" class=\"tw-data-text tw-ta tw-text-small\" dir=\"ltr\" data-placeholder=\"Traducci\u00f3n\"><span lang=\"es\">El Comit\u00e9 Nobel de Noruega ha decidido otorgar el Premio Nobel de la Paz 2016 al presidente de Colombia, Juan Manuel Santos, por sus esfuerzos decididos para llevar m\u00e1s de 50 a\u00f1os de guerra civil en el pa\u00eds a su fin, una guerra que ha costado la vida de por lo menos 220 000 colombianos y desplazado a cerca de seis millones de personas. El premio deber\u00eda tambi\u00e9n verse como un tributo a los colombianos que, a pesar de grandes dificultades y abusos, no han perdido la esperanza de una paz justa, y a todas las partes que han contribuido al proceso de paz. Este tributo se paga, no menos importante, a los representantes de las innumerables v\u00edctimas civiles de la guerra.<\/span><\/p>\n","protected":false},"excerpt":{"rendered":"<p>El Comit\u00e9 Nobel de Noruega ha decidido otorgar el Premio Nobel de la Paz 2016 al presidente de Colombia, Juan Manuel Santos, por sus esfuerzos decididos para llevar m\u00e1s de 50 a\u00f1os de guerra civil en el pa\u00eds a su fin, una guerra que ha costado la vida de por lo menos 220 000 colombianos y desplazado a cerca de seis millones de personas. El premio deber\u00eda tambi\u00e9n verse como un tributo a los colombianos que, a pesar de grandes dificultades y abusos, no han perdido la esperanza de una&#8230; <\/p>\n","protected":false},"author":3,"featured_media":16699,"comment_status":"open","ping_status":"closed","sticky":false,"template":"","format":"standard","meta":{"footnotes":"","_links_to":"","_links_to_target":""},"categories":[2,75],"tags":[115,146,181,180,93,72],"class_list":["post-16698","post","type-post","status-publish","format-standard","has-post-thumbnail","hentry","category-actualidad","category-destacada","tag-john-zamora","tag-juan-manuel-santos","tag-nobel-de-paz","tag-premio-nobel","tag-revista-zetta","tag-revistazetta"],"_links":{"self":[{"href":"https:\/\/revistazetta.com\/index.php?rest_route=\/wp\/v2\/posts\/16698","targetHints":{"allow":["GET"]}}],"collection":[{"href":"https:\/\/revistazetta.com\/index.php?rest_route=\/wp\/v2\/posts"}],"about":[{"href":"https:\/\/revistazetta.com\/index.php?rest_route=\/wp\/v2\/types\/post"}],"author":[{"embeddable":true,"href":"https:\/\/revistazetta.com\/index.php?rest_route=\/wp\/v2\/users\/3"}],"replies":[{"embeddable":true,"href":"https:\/\/revistazetta.com\/index.php?rest_route=%2Fwp%2Fv2%2Fcomments&post=16698"}],"version-history":[{"count":0,"href":"https:\/\/revistazetta.com\/index.php?rest_route=\/wp\/v2\/posts\/16698\/revisions"}],"wp:featuredmedia":[{"embeddable":true,"href":"https:\/\/revistazetta.com\/index.php?rest_route=\/wp\/v2\/media\/16699"}],"wp:attachment":[{"href":"https:\/\/revistazetta.com\/index.php?rest_route=%2Fwp%2Fv2%2Fmedia&parent=16698"}],"wp:term":[{"taxonomy":"category","embeddable":true,"href":"https:\/\/revistazetta.com\/index.php?rest_route=%2Fwp%2Fv2%2Fcategories&post=16698"},{"taxonomy":"post_tag","embeddable":true,"href":"https:\/\/revistazetta.com\/index.php?rest_route=%2Fwp%2Fv2%2Ftags&post=16698"}],"curies":[{"name":"wp","href":"https:\/\/api.w.org\/{rel}","templated":true}]}}