{"id":16700,"date":"2016-10-07T07:23:49","date_gmt":"2016-10-07T12:23:49","guid":{"rendered":"http:\/\/www.revistazetta.com\/?p=16700"},"modified":"2016-10-07T07:36:39","modified_gmt":"2016-10-07T12:36:39","slug":"concejal-fortich-solicito-arreglo-la-via-al-mar-cordialidad","status":"publish","type":"post","link":"https:\/\/revistazetta.com\/?p=16700","title":{"rendered":"Concejal Fortich solicit\u00f3 arreglo de la V\u00eda al Mar \u2013 Cordialidad"},"content":{"rendered":"<p id=\"yui_3_16_0_ym19_1_1475842944537_2576\" dir=\"ltr\"><img loading=\"lazy\" decoding=\"async\" class=\"size-medium wp-image-16702 alignleft\" src=\"https:\/\/www.revistazetta.com\/wp-content\/uploads\/2016\/10\/Ronald-Fortich-bancada-vial-240x300.jpg\" alt=\"ronald-fortich-bancada-vial\" width=\"240\" height=\"300\" srcset=\"https:\/\/revistazetta.com\/wp-content\/uploads\/2016\/10\/Ronald-Fortich-bancada-vial-240x300.jpg 240w, https:\/\/revistazetta.com\/wp-content\/uploads\/2016\/10\/Ronald-Fortich-bancada-vial-117x146.jpg 117w, https:\/\/revistazetta.com\/wp-content\/uploads\/2016\/10\/Ronald-Fortich-bancada-vial-40x50.jpg 40w, https:\/\/revistazetta.com\/wp-content\/uploads\/2016\/10\/Ronald-Fortich-bancada-vial-60x75.jpg 60w, https:\/\/revistazetta.com\/wp-content\/uploads\/2016\/10\/Ronald-Fortich-bancada-vial.jpg 480w\" sizes=\"auto, (max-width: 240px) 100vw, 240px\" \/>Durante la sesi\u00f3n del Concejo Distrital donde fueron citados varios funcionarios de la administraci\u00f3n Distrital para que respondieran a inquietudes sobre atenci\u00f3n a las afectaciones por las lluvias, el concejal de la bancada del movimiento ciudadano Cartagena Con Firmas, Ronald Fortich Rodelo, asegur\u00f3 que se hace necesario intervenir la nueva carretera que conecta la V\u00eda al Mar con la Cordialidad, obra entregada hace menos de un a\u00f1o.<\/p>\n<p id=\"yui_3_16_0_ym19_1_1475842944537_2575\" dir=\"ltr\">Enfatiz\u00f3 que las lluvias est\u00e1n afectando esta importante arteria vial que mejora la movilidad.<\/p>\n<p id=\"yui_3_16_0_ym19_1_1475842944537_2574\" dir=\"ltr\">\u201cHemos manifestado nuestra preocupaci\u00f3n por la ruta 90A o Trasversal V\u00eda al Mar \u2013 Cordialidad, una ruta important\u00edsima y hoy la vemos deteriorada producto de la ola invernal\u201d, dijo.<\/p>\n<p id=\"yui_3_16_0_ym19_1_1475842944537_2381\" dir=\"ltr\">De igual forma advirti\u00f3 que la obra debe entregarse oficialmente al Distrito y se hace necesaria inversi\u00f3n en alumbrado p\u00fablico porque en la actualidad representa un peligro, originando accidentes de tr\u00e1nsito.<\/p>\n<p id=\"yui_3_16_0_ym19_1_1475842944537_2546\" dir=\"ltr\">\u201cHemos presenciado unos accidente, es un contrato que no se ha entregado y el escenario que hemos planteado a los funcionarios es que se intervenga de manera inmediata\u201d, puntualiz\u00f3.<\/p>\n<p id=\"yui_3_16_0_ym19_1_1475842944537_2573\" dir=\"ltr\">El cabildante present\u00f3 im\u00e1genes que evidencian el deterioro de esta v\u00eda y de accidentes automovil\u00edsticos presentados en la misma.<\/p>\n<p dir=\"ltr\"><img loading=\"lazy\" decoding=\"async\" class=\"size-medium wp-image-16701 alignleft\" src=\"https:\/\/www.revistazetta.com\/wp-content\/uploads\/2016\/10\/Bancada-vial-1-188x300.jpg\" alt=\"bancada-vial-1\" width=\"188\" height=\"300\" srcset=\"https:\/\/revistazetta.com\/wp-content\/uploads\/2016\/10\/Bancada-vial-1-188x300.jpg 188w, https:\/\/revistazetta.com\/wp-content\/uploads\/2016\/10\/Bancada-vial-1-91x146.jpg 91w, https:\/\/revistazetta.com\/wp-content\/uploads\/2016\/10\/Bancada-vial-1-31x50.jpg 31w, https:\/\/revistazetta.com\/wp-content\/uploads\/2016\/10\/Bancada-vial-1-47x75.jpg 47w, https:\/\/revistazetta.com\/wp-content\/uploads\/2016\/10\/Bancada-vial-1.jpg 360w\" sizes=\"auto, (max-width: 188px) 100vw, 188px\" \/><\/p>\n","protected":false},"excerpt":{"rendered":"<p>Durante la sesi\u00f3n del Concejo Distrital donde fueron citados varios funcionarios de la administraci\u00f3n Distrital para que respondieran a inquietudes sobre atenci\u00f3n a las afectaciones por las lluvias, el concejal de la bancada del movimiento ciudadano Cartagena Con Firmas, Ronald Fortich Rodelo, asegur\u00f3 que se hace necesario intervenir la nueva carretera que conecta la V\u00eda al Mar con la Cordialidad, obra entregada hace menos de un a\u00f1o. Enfatiz\u00f3 que las lluvias est\u00e1n afectando esta importante arteria vial que mejora la movilidad. \u201cHemos manifestado nuestra preocupaci\u00f3n por la ruta 90A o&#8230; <\/p>\n","protected":false},"author":3,"featured_media":16703,"comment_status":"open","ping_status":"closed","sticky":false,"template":"","format":"standard","meta":{"footnotes":"","_links_to":"","_links_to_target":""},"categories":[4,27,75],"tags":[],"class_list":["post-16700","post","type-post","status-publish","format-standard","has-post-thumbnail","hentry","category-politica","category-politicaconcejo","category-destacada"],"_links":{"self":[{"href":"https:\/\/revistazetta.com\/index.php?rest_route=\/wp\/v2\/posts\/16700","targetHints":{"allow":["GET"]}}],"collection":[{"href":"https:\/\/revistazetta.com\/index.php?rest_route=\/wp\/v2\/posts"}],"about":[{"href":"https:\/\/revistazetta.com\/index.php?rest_route=\/wp\/v2\/types\/post"}],"author":[{"embeddable":true,"href":"https:\/\/revistazetta.com\/index.php?rest_route=\/wp\/v2\/users\/3"}],"replies":[{"embeddable":true,"href":"https:\/\/revistazetta.com\/index.php?rest_route=%2Fwp%2Fv2%2Fcomments&post=16700"}],"version-history":[{"count":0,"href":"https:\/\/revistazetta.com\/index.php?rest_route=\/wp\/v2\/posts\/16700\/revisions"}],"wp:featuredmedia":[{"embeddable":true,"href":"https:\/\/revistazetta.com\/index.php?rest_route=\/wp\/v2\/media\/16703"}],"wp:attachment":[{"href":"https:\/\/revistazetta.com\/index.php?rest_route=%2Fwp%2Fv2%2Fmedia&parent=16700"}],"wp:term":[{"taxonomy":"category","embeddable":true,"href":"https:\/\/revistazetta.com\/index.php?rest_route=%2Fwp%2Fv2%2Fcategories&post=16700"},{"taxonomy":"post_tag","embeddable":true,"href":"https:\/\/revistazetta.com\/index.php?rest_route=%2Fwp%2Fv2%2Ftags&post=16700"}],"curies":[{"name":"wp","href":"https:\/\/api.w.org\/{rel}","templated":true}]}}