{"id":16705,"date":"2016-10-07T12:00:32","date_gmt":"2016-10-07T17:00:32","guid":{"rendered":"http:\/\/www.revistazetta.com\/?p=16705"},"modified":"2022-10-04T09:43:32","modified_gmt":"2022-10-04T14:43:32","slug":"lewis-montero-fue-elegido-presidente-del-concejo-distrital-cartagena-2017","status":"publish","type":"post","link":"https:\/\/revistazetta.com\/?p=16705","title":{"rendered":"Lewis Montero fue elegido presidente del Concejo Distrital de Cartagena para 2017"},"content":{"rendered":"<p><img loading=\"lazy\" decoding=\"async\" class=\"size-full wp-image-16707 alignleft\" src=\"https:\/\/www.revistazetta.com\/wp-content\/uploads\/2016\/10\/IMG-20161007-WA0019.jpg\" alt=\"img-20161007-wa0019\" width=\"283\" height=\"283\" srcset=\"https:\/\/revistazetta.com\/wp-content\/uploads\/2016\/10\/IMG-20161007-WA0019.jpg 283w, https:\/\/revistazetta.com\/wp-content\/uploads\/2016\/10\/IMG-20161007-WA0019-150x150.jpg 150w, https:\/\/revistazetta.com\/wp-content\/uploads\/2016\/10\/IMG-20161007-WA0019-146x146.jpg 146w, https:\/\/revistazetta.com\/wp-content\/uploads\/2016\/10\/IMG-20161007-WA0019-50x50.jpg 50w, https:\/\/revistazetta.com\/wp-content\/uploads\/2016\/10\/IMG-20161007-WA0019-75x75.jpg 75w, https:\/\/revistazetta.com\/wp-content\/uploads\/2016\/10\/IMG-20161007-WA0019-85x85.jpg 85w, https:\/\/revistazetta.com\/wp-content\/uploads\/2016\/10\/IMG-20161007-WA0019-80x80.jpg 80w\" sizes=\"auto, (max-width: 283px) 100vw, 283px\" \/><strong>Cartagena de Indias, 7 de octubre de 2017.-<\/strong> A las 8 a.m fueron citados los medios de comunicaci\u00f3n y la ciudadan\u00eda a ser testigos de la elecci\u00f3n de la nueva Mesa Directiva del Concejo Distrital De Cartagena.<\/p>\n<p>Con la presencia de 15 de los cabildantes se inici\u00f3 la votaci\u00f3n en la que un\u00e1nimemente dieron su voto de confianza a Lewis Montero, de Opci\u00f3n Ciudadana, para ejercer como nuevo presidente de la corporaci\u00f3n a partir del 2017.<\/p>\n<p>Ante esta decisi\u00f3n, Montero agradeci\u00f3 la oportunidad y se comprometi\u00f3 a estar a la altura que implica \u00e9sta posici\u00f3n. Asegur\u00f3 que no permitir\u00e1 que la Corporaci\u00f3n sea desconocida, que trabajar\u00e1 para que esta sea el reflejo y voz de la ciudadan\u00eda, adem\u00e1s que apoyar\u00e1 los proyectos que se presenten apunten en la b\u00fasqueda de una Cartagena m\u00e1s competitiva.<\/p>\n<p>William P\u00e9rez, Ronal Fortich, y Antonio Salim Guerra, quienes no participaron en la votaci\u00f3n debido a que llegaron retrasados a la sesi\u00f3n, no dejaron escapar la oportunidad para felicitar al concejal. P\u00e9rez manifest\u00f3 que aun cuando contribuy\u00f3 con su voto, est\u00e1 de acuerdo con la designaci\u00f3n y asegura que esta era una deuda que ten\u00eda el Concejo con el cabildante.<\/p>\n<p>Por su parte Salim Guerra asegur\u00f3 que lo respaldar\u00e1 en los procesos que impliquen el apoyo a pol\u00edticas p\u00fablicas dirigidas a la protecci\u00f3n de la familia, la ni\u00f1ez y la mujer.<\/p>\n<p>La votaci\u00f3n dej\u00f3 a Luis Cassiani como Vicepresidente y a C\u00e9sar Pi\u00f3n como II Vicepresidente de la nueva Mesa Directiva de la corporaci\u00f3n.<\/p>\n","protected":false},"excerpt":{"rendered":"<p>Cartagena de Indias, 7 de octubre de 2017.- A las 8 a.m fueron citados los medios de comunicaci\u00f3n y la ciudadan\u00eda a ser testigos de la elecci\u00f3n de la nueva Mesa Directiva del Concejo Distrital De Cartagena. Con la presencia de 15 de los cabildantes se inici\u00f3 la votaci\u00f3n en la que un\u00e1nimemente dieron su voto de confianza a Lewis Montero, de Opci\u00f3n Ciudadana, para ejercer como nuevo presidente de la corporaci\u00f3n a partir del 2017. Ante esta decisi\u00f3n, Montero agradeci\u00f3 la oportunidad y se comprometi\u00f3 a estar a la&#8230; <\/p>\n","protected":false},"author":3,"featured_media":16706,"comment_status":"open","ping_status":"closed","sticky":false,"template":"","format":"standard","meta":{"footnotes":"","_links_to":"","_links_to_target":""},"categories":[75,27],"tags":[],"class_list":["post-16705","post","type-post","status-publish","format-standard","has-post-thumbnail","hentry","category-destacada","category-politicaconcejo"],"_links":{"self":[{"href":"https:\/\/revistazetta.com\/index.php?rest_route=\/wp\/v2\/posts\/16705","targetHints":{"allow":["GET"]}}],"collection":[{"href":"https:\/\/revistazetta.com\/index.php?rest_route=\/wp\/v2\/posts"}],"about":[{"href":"https:\/\/revistazetta.com\/index.php?rest_route=\/wp\/v2\/types\/post"}],"author":[{"embeddable":true,"href":"https:\/\/revistazetta.com\/index.php?rest_route=\/wp\/v2\/users\/3"}],"replies":[{"embeddable":true,"href":"https:\/\/revistazetta.com\/index.php?rest_route=%2Fwp%2Fv2%2Fcomments&post=16705"}],"version-history":[{"count":0,"href":"https:\/\/revistazetta.com\/index.php?rest_route=\/wp\/v2\/posts\/16705\/revisions"}],"wp:featuredmedia":[{"embeddable":true,"href":"https:\/\/revistazetta.com\/index.php?rest_route=\/wp\/v2\/media\/16706"}],"wp:attachment":[{"href":"https:\/\/revistazetta.com\/index.php?rest_route=%2Fwp%2Fv2%2Fmedia&parent=16705"}],"wp:term":[{"taxonomy":"category","embeddable":true,"href":"https:\/\/revistazetta.com\/index.php?rest_route=%2Fwp%2Fv2%2Fcategories&post=16705"},{"taxonomy":"post_tag","embeddable":true,"href":"https:\/\/revistazetta.com\/index.php?rest_route=%2Fwp%2Fv2%2Ftags&post=16705"}],"curies":[{"name":"wp","href":"https:\/\/api.w.org\/{rel}","templated":true}]}}