{"id":16711,"date":"2016-10-08T06:53:50","date_gmt":"2016-10-08T11:53:50","guid":{"rendered":"http:\/\/www.revistazetta.com\/?p=16711"},"modified":"2016-10-08T06:53:50","modified_gmt":"2016-10-08T11:53:50","slug":"lideres-comunales-se-graduan-convivencia-cultura-ciudadana","status":"publish","type":"post","link":"https:\/\/revistazetta.com\/?p=16711","title":{"rendered":"L\u00edderes comunales se grad\u00faan en Convivencia y Cultura Ciudadana"},"content":{"rendered":"<p>L\u00edderes de barrios como Andaluc\u00eda, San Jos\u00e9 de Los Campanos, Torices, Jun\u00edn, Los Corales, Bellavista, Nuevo Bosque y Fredonia, entre otros, recibieron el t\u00edtulo de diplomado en Convivencia y Cultura Ciudadana que busca fortalecer competencias c\u00edvico-ciudadanas para construir una mejor sociedad.<\/p>\n<p>Durante la convocatoria abierta clasificaron 50 l\u00edderes comunales que durante m\u00e1s de dos meses se formaron en la pr\u00e1ctica de liderazgo comunitario, a partir de la complementaci\u00f3n de la experiencia con conceptos, teor\u00edas y estrategias, estado de derecho y la participaci\u00f3n ciudadana, dise\u00f1o de proyectos comunitarios y su responsabilidad social, presupuesto y monitoreo de proyectos comunitarios,  pol\u00edticas p\u00fablicas y ciudadanas. Adem\u00e1s recibieron un presupuesto para desarrollar proyectos en sus comunidades y poner en pr\u00e1ctica lo aprendido en las aulas.<\/p>\n<p>\u201cComprendemos el valor fundamental que cumplen estas personas en sus comunidades y por eso continuaremos realizando estos convenios que permiten que los l\u00edderes y gestores se capaciten y lleven lo aprendido a sus barrios. Esta administraci\u00f3n le apuesta a la construcci\u00f3n de ciudad y con la gente lo estamos trabajando\u201d, afirma Fernando Ni\u00f1o Mendoza, Secretario del Interior y Convivencia Ciudadana.<\/p>\n<p>La puesta en marcha de dicho diplomado se da gracias al convenio entre el Distrito de Cartagena, a trav\u00e9s del programa Cartagena por la Convivencia adscrito a la Secretar\u00eda del Interior y la Cruz Roja Colombiana cap\u00edtulo Bol\u00edvar.<br \/>\n\u201cVamos a seguir incentivando a l\u00edderes sociales de las tres localidades para realizar intervenciones en sus comunidades en pro del cambio en la convivencia de nuestra ciudad\u201d, anot\u00f3 el funcionario.<\/p>\n","protected":false},"excerpt":{"rendered":"<p>L\u00edderes de barrios como Andaluc\u00eda, San Jos\u00e9 de Los Campanos, Torices, Jun\u00edn, Los Corales, Bellavista, Nuevo Bosque y Fredonia, entre otros, recibieron el t\u00edtulo de diplomado en Convivencia y Cultura Ciudadana que busca fortalecer competencias c\u00edvico-ciudadanas para construir una mejor sociedad. Durante la convocatoria abierta clasificaron 50 l\u00edderes comunales que durante m\u00e1s de dos meses se formaron en la pr\u00e1ctica de liderazgo comunitario, a partir de la complementaci\u00f3n de la experiencia con conceptos, teor\u00edas y estrategias, estado de derecho y la participaci\u00f3n ciudadana, dise\u00f1o de proyectos comunitarios y su responsabilidad&#8230; <\/p>\n","protected":false},"author":3,"featured_media":16712,"comment_status":"open","ping_status":"closed","sticky":false,"template":"","format":"standard","meta":{"footnotes":"","_links_to":"","_links_to_target":""},"categories":[32],"tags":[],"class_list":["post-16711","post","type-post","status-publish","format-standard","has-post-thumbnail","hentry","category-actualidad-distrito"],"_links":{"self":[{"href":"https:\/\/revistazetta.com\/index.php?rest_route=\/wp\/v2\/posts\/16711","targetHints":{"allow":["GET"]}}],"collection":[{"href":"https:\/\/revistazetta.com\/index.php?rest_route=\/wp\/v2\/posts"}],"about":[{"href":"https:\/\/revistazetta.com\/index.php?rest_route=\/wp\/v2\/types\/post"}],"author":[{"embeddable":true,"href":"https:\/\/revistazetta.com\/index.php?rest_route=\/wp\/v2\/users\/3"}],"replies":[{"embeddable":true,"href":"https:\/\/revistazetta.com\/index.php?rest_route=%2Fwp%2Fv2%2Fcomments&post=16711"}],"version-history":[{"count":0,"href":"https:\/\/revistazetta.com\/index.php?rest_route=\/wp\/v2\/posts\/16711\/revisions"}],"wp:featuredmedia":[{"embeddable":true,"href":"https:\/\/revistazetta.com\/index.php?rest_route=\/wp\/v2\/media\/16712"}],"wp:attachment":[{"href":"https:\/\/revistazetta.com\/index.php?rest_route=%2Fwp%2Fv2%2Fmedia&parent=16711"}],"wp:term":[{"taxonomy":"category","embeddable":true,"href":"https:\/\/revistazetta.com\/index.php?rest_route=%2Fwp%2Fv2%2Fcategories&post=16711"},{"taxonomy":"post_tag","embeddable":true,"href":"https:\/\/revistazetta.com\/index.php?rest_route=%2Fwp%2Fv2%2Ftags&post=16711"}],"curies":[{"name":"wp","href":"https:\/\/api.w.org\/{rel}","templated":true}]}}