{"id":16720,"date":"2016-10-08T19:37:58","date_gmt":"2016-10-09T00:37:58","guid":{"rendered":"http:\/\/www.revistazetta.com\/?p=16720"},"modified":"2016-10-08T19:37:58","modified_gmt":"2016-10-09T00:37:58","slug":"gremios-revisan-plan-movilidad-cartagena","status":"publish","type":"post","link":"https:\/\/revistazetta.com\/?p=16720","title":{"rendered":"Gremios revisan Plan de Movilidad de Cartagena"},"content":{"rendered":"<p>Los representantes de gremios de la ciudad de Cartagena recibieron y revisaron el Plan de Movilidad estructurado y presentado por Sigma, desde el a\u00f1o 2010.<br \/>\nEste ha sido uno de los proyectos que se quieren acoger bajo la actual administraci\u00f3n del alcalde Manolo Duque. Se trata de un plan proyectado hasta el a\u00f1o 2032 y busca proporcionar las mejores alternativas para que Cartagena tenga una mejores alternativas de movilidad y compita con las ciudades m\u00e1s desarrolladas del mundo.<br \/>\n\u00abEstamos muy satisfechos porque nos hemos reunido con gremios representativos de la ciudad, BID, Sigma y  luego del ejercicio de an\u00e1lisis donde tambi\u00e9n participaron otras entidades del Distrito como DATT, Corpoturismo, Transcaribe y otras, nuestro balance es positivo en la medida que los  gremios han visto que el Plan de Movilidad es una necesidad para la ciudad\u00bb, dijo Luz Helena Paternina, secretaria de Planeaci\u00f3n.<br \/>\nEn el  an\u00e1lisis que hicieron los gremios y el Distrito se  identificaron  peque\u00f1os ajustes que hay que hacer,  por lo tanto acordaron un cronograma que  permita articular los esfuerzos para llevar a cabo el proyecto de Acuerdo que debe ser presentado en el Concejo.<br \/>\n\u201cEsperamos que en lo que resta del a\u00f1o podamos llevarlo al Concejo y si no, en el primer trimestre del pr\u00f3ximo a\u00f1o. Pero adoptar este plan es la prioridad del alcalde Manolo Duque. Que la ciudad tenga un orden, una regla respecto a la movilidad de la ciudad\u201d, concluy\u00f3 Paternina.<br \/>\nDentro de las propuestas que trae este proyecto se encuentra crear la Secretar\u00eda de la Movilidad con el fin de que  haya una institucionalidad detr\u00e1s del control y planeaci\u00f3n de la movilidad de la ciudad.<br \/>\nEl transporte acu\u00e1tico es uno  de los ejes estructurantes en el Plan. Que haya una multimodalidad en el trasporte.<\/p>\n<p><strong>OPINIONES<\/p>\n<p>Edgar Enrique Sandoval representante de  Sigma<\/strong><br \/>\n\u201cSe est\u00e1 retomando este proyecto que tuvimos la oportunidad de elaborar en el a\u00f1o 2010 y esta administraci\u00f3n lo retoma. Es un plan muy importante para la ciudad entendiendo que se trata de pol\u00edtica para largo plazo y no una discusi\u00f3n de proyecto por proyecto.<br \/>\nLo m\u00e1s importante es dejar una gu\u00eda para saber c\u00f3mo va  la ciudad en temas de movilidad y saber qu\u00e9 es prioritario, si v\u00edas para autom\u00f3viles o trasporte p\u00fablico, o v\u00edas de alta velocidad para motocicletas o combinar peatones y bicicletas y tambi\u00e9n ver c\u00f3mo se pueden aprovechar los canales y utilizarlos adecuadamente para la movilidad\u00bb.<\/p>\n<p><strong>Natalia Sanz, representante del BID<\/strong><br \/>\n\u201cEsto es uno de los ejemplos a seguir de esta ciudad porque realmente es muy dif\u00edcil ver lugares donde se junten los gremios y organismos a conversar con una voluntad muy fuerte para sacar el Plan de Movilidad, y es muy importante escuchar todas las opiniones. Estamos muy avanzados. Estamos en muy buen camino\u201d.<\/p>\n<p><strong>Alicia Bozzi, presidenta del Consejo Gremial<\/strong><br \/>\n\u201cReconocemos la importancia de que se rescate este documento que hab\u00eda implicado recursos importantes en el campo humano, t\u00e9cnico y financiero. En la medida que este documento se tenga en cuenta, se actualice y se adopte, la ciudad va a tener un norte a corto, mediano y largo plazo para generar impacto positivo  en su ordenamiento y movilidad, lo que tiene una incidencia muy grande en la calidad de vida\u201d.<br \/>\n <strong><br \/>\nVivian Eljaiek, Fundaci\u00f3n Mamonal<\/strong><br \/>\n\u201cAplaudo esta iniciativa, vemos las necesidades en v\u00edas y parques. Soluciones para la movilidad para que la ciudad se proyecte hacia los habitantes y visitantes. Debemos acogerlo, estar de acuerdo que estas son las v\u00edas de soluci\u00f3n y buscar la forma de financiarlo. Les damos todo el espaldarazo como gremios. Hay que acogerlo y acompa\u00f1ar a la Alcald\u00eda en todo este proceso\u201d.<\/p>\n","protected":false},"excerpt":{"rendered":"<p>Los representantes de gremios de la ciudad de Cartagena recibieron y revisaron el Plan de Movilidad estructurado y presentado por Sigma, desde el a\u00f1o 2010. Este ha sido uno de los proyectos que se quieren acoger bajo la actual administraci\u00f3n del alcalde Manolo Duque. Se trata de un plan proyectado hasta el a\u00f1o 2032 y busca proporcionar las mejores alternativas para que Cartagena tenga una mejores alternativas de movilidad y compita con las ciudades m\u00e1s desarrolladas del mundo. \u00abEstamos muy satisfechos porque nos hemos reunido con gremios representativos de la&#8230; <\/p>\n","protected":false},"author":3,"featured_media":16721,"comment_status":"open","ping_status":"closed","sticky":false,"template":"","format":"standard","meta":{"footnotes":"","_links_to":"","_links_to_target":""},"categories":[32,87],"tags":[],"class_list":["post-16720","post","type-post","status-publish","format-standard","has-post-thumbnail","hentry","category-actualidad-distrito","category-movilidad"],"_links":{"self":[{"href":"https:\/\/revistazetta.com\/index.php?rest_route=\/wp\/v2\/posts\/16720","targetHints":{"allow":["GET"]}}],"collection":[{"href":"https:\/\/revistazetta.com\/index.php?rest_route=\/wp\/v2\/posts"}],"about":[{"href":"https:\/\/revistazetta.com\/index.php?rest_route=\/wp\/v2\/types\/post"}],"author":[{"embeddable":true,"href":"https:\/\/revistazetta.com\/index.php?rest_route=\/wp\/v2\/users\/3"}],"replies":[{"embeddable":true,"href":"https:\/\/revistazetta.com\/index.php?rest_route=%2Fwp%2Fv2%2Fcomments&post=16720"}],"version-history":[{"count":0,"href":"https:\/\/revistazetta.com\/index.php?rest_route=\/wp\/v2\/posts\/16720\/revisions"}],"wp:featuredmedia":[{"embeddable":true,"href":"https:\/\/revistazetta.com\/index.php?rest_route=\/wp\/v2\/media\/16721"}],"wp:attachment":[{"href":"https:\/\/revistazetta.com\/index.php?rest_route=%2Fwp%2Fv2%2Fmedia&parent=16720"}],"wp:term":[{"taxonomy":"category","embeddable":true,"href":"https:\/\/revistazetta.com\/index.php?rest_route=%2Fwp%2Fv2%2Fcategories&post=16720"},{"taxonomy":"post_tag","embeddable":true,"href":"https:\/\/revistazetta.com\/index.php?rest_route=%2Fwp%2Fv2%2Ftags&post=16720"}],"curies":[{"name":"wp","href":"https:\/\/api.w.org\/{rel}","templated":true}]}}