{"id":16722,"date":"2016-10-08T19:50:41","date_gmt":"2016-10-09T00:50:41","guid":{"rendered":"http:\/\/www.revistazetta.com\/?p=16722"},"modified":"2016-10-09T06:47:50","modified_gmt":"2016-10-09T11:47:50","slug":"distrito-capacita-la-comunidad-sorda-fortalecimiento-del-autoestima","status":"publish","type":"post","link":"https:\/\/revistazetta.com\/?p=16722","title":{"rendered":"Distrito capacita a la comunidad sorda en fortalecimiento del autoestima"},"content":{"rendered":"<p>El gobierno de Primero la Gente, a trav\u00e9s de la Secretar\u00eda de Participaci\u00f3n y Desarrollo Social y su programa de discapacidad, realiz\u00f3 una capacitaci\u00f3n en autoestima denominada \u201cSi yo me acepto, t\u00fa me aceptas como soy\u201d, tendiente a fortalecer el aprecio o consideraci\u00f3n que uno tiene de s\u00ed mismo, en la poblaci\u00f3n sorda.<\/p>\n<p>La capacitaci\u00f3n consisti\u00f3 en hacer  una din\u00e1mica motivacional  o l\u00ednea de la vida, donde estas personas tuvieron la oportunidad de mostrar momentos que consideraban positivos y negativos que incidieron en sus vidas.<\/p>\n<p>Conmocionados y a la expectativa, la comunidad sorda, mostr\u00f3 su inter\u00e9s por estos espacios donde se encuentran con ellos mismos. \u201cFue un momento emocionante. A veces miro las cosas con negativismo y esta actividad me ha dado nuevas perspectivas\u201d, manifest\u00f3 Alejandro Ben\u00edtez, uno de los participantes.<\/p>\n<p>As\u00ed mismo, F\u00e1tima Arrieta expres\u00f3 \u201ceste mensaje yo pens\u00e9 que era algo de locura, pero f\u00edjate,  estoy mirando mi vida, tengo muchas dificultades, y siempre trato de salir adelante,  esta lectura ha dejado ver c\u00f3mo es mi vida, y lo que no me permite salir adelante\u201d.<\/p>\n","protected":false},"excerpt":{"rendered":"<p>El gobierno de Primero la Gente, a trav\u00e9s de la Secretar\u00eda de Participaci\u00f3n y Desarrollo Social y su programa de discapacidad, realiz\u00f3 una capacitaci\u00f3n en autoestima denominada \u201cSi yo me acepto, t\u00fa me aceptas como soy\u201d, tendiente a fortalecer el aprecio o consideraci\u00f3n que uno tiene de s\u00ed mismo, en la poblaci\u00f3n sorda. La capacitaci\u00f3n consisti\u00f3 en hacer una din\u00e1mica motivacional o l\u00ednea de la vida, donde estas personas tuvieron la oportunidad de mostrar momentos que consideraban positivos y negativos que incidieron en sus vidas. Conmocionados y a la expectativa,&#8230; <\/p>\n","protected":false},"author":3,"featured_media":16723,"comment_status":"open","ping_status":"closed","sticky":false,"template":"","format":"standard","meta":{"footnotes":"","_links_to":"","_links_to_target":""},"categories":[86,75,32],"tags":[],"class_list":["post-16722","post","type-post","status-publish","format-standard","has-post-thumbnail","hentry","category-comunidad","category-destacada","category-actualidad-distrito"],"_links":{"self":[{"href":"https:\/\/revistazetta.com\/index.php?rest_route=\/wp\/v2\/posts\/16722","targetHints":{"allow":["GET"]}}],"collection":[{"href":"https:\/\/revistazetta.com\/index.php?rest_route=\/wp\/v2\/posts"}],"about":[{"href":"https:\/\/revistazetta.com\/index.php?rest_route=\/wp\/v2\/types\/post"}],"author":[{"embeddable":true,"href":"https:\/\/revistazetta.com\/index.php?rest_route=\/wp\/v2\/users\/3"}],"replies":[{"embeddable":true,"href":"https:\/\/revistazetta.com\/index.php?rest_route=%2Fwp%2Fv2%2Fcomments&post=16722"}],"version-history":[{"count":0,"href":"https:\/\/revistazetta.com\/index.php?rest_route=\/wp\/v2\/posts\/16722\/revisions"}],"wp:featuredmedia":[{"embeddable":true,"href":"https:\/\/revistazetta.com\/index.php?rest_route=\/wp\/v2\/media\/16723"}],"wp:attachment":[{"href":"https:\/\/revistazetta.com\/index.php?rest_route=%2Fwp%2Fv2%2Fmedia&parent=16722"}],"wp:term":[{"taxonomy":"category","embeddable":true,"href":"https:\/\/revistazetta.com\/index.php?rest_route=%2Fwp%2Fv2%2Fcategories&post=16722"},{"taxonomy":"post_tag","embeddable":true,"href":"https:\/\/revistazetta.com\/index.php?rest_route=%2Fwp%2Fv2%2Ftags&post=16722"}],"curies":[{"name":"wp","href":"https:\/\/api.w.org\/{rel}","templated":true}]}}