{"id":16731,"date":"2016-10-10T08:07:47","date_gmt":"2016-10-10T13:07:47","guid":{"rendered":"http:\/\/www.revistazetta.com\/?p=16731"},"modified":"2016-10-10T08:07:47","modified_gmt":"2016-10-10T13:07:47","slug":"muere-fundador-la-sonora-poncena-toco-medio-del-dolor","status":"publish","type":"post","link":"https:\/\/revistazetta.com\/?p=16731","title":{"rendered":"Muere fundador de la Sonora Ponce\u00f1a, que toc\u00f3 en medio del dolor"},"content":{"rendered":"<div id=\"attachment_16742\" style=\"width: 310px\" class=\"wp-caption alignright\"><img loading=\"lazy\" decoding=\"async\" aria-describedby=\"caption-attachment-16742\" class=\"wp-image-16742 size-medium\" src=\"https:\/\/www.revistazetta.com\/wp-content\/uploads\/2016\/10\/Kike-Lucca-12-300x263.jpg\" alt=\"kike-lucca-12\" width=\"300\" height=\"263\" srcset=\"https:\/\/revistazetta.com\/wp-content\/uploads\/2016\/10\/Kike-Lucca-12-300x263.jpg 300w, https:\/\/revistazetta.com\/wp-content\/uploads\/2016\/10\/Kike-Lucca-12-167x146.jpg 167w, https:\/\/revistazetta.com\/wp-content\/uploads\/2016\/10\/Kike-Lucca-12-50x44.jpg 50w, https:\/\/revistazetta.com\/wp-content\/uploads\/2016\/10\/Kike-Lucca-12-86x75.jpg 86w, https:\/\/revistazetta.com\/wp-content\/uploads\/2016\/10\/Kike-Lucca-12.jpg 900w\" sizes=\"auto, (max-width: 300px) 100vw, 300px\" \/><p id=\"caption-attachment-16742\" class=\"wp-caption-text\">Enrique \u201cQuique\u201d Lucca Caraballo, fundador y director de La Sonora Ponce\u00f1a<\/p><\/div>\n<p>Enrique \u201cQuique\u201d Lucca Caraballo, fundador y director de la orquesta salsera La Sonora Ponce\u00f1a, falleci\u00f3 este domingo a los 103 a\u00f1os en el Hospital Damas de Ponce.<\/p>\n<p>Las exequias del fundador\u00a0 de la orquesta ser\u00e1n en la funeraria Jackie Oliver en el pueblo de Ponce. El cuerpo del m\u00fasico ya fue trasportado a\u00a0 la funeraria.<\/p>\n<p>Los familiares de Lucca a\u00fan no han determinado por cu\u00e1ntos\u00a0 d\u00edas ser\u00e1 el velatorio, puesto que ponderan velar el cuerpo del\u00a0 m\u00fasico en su casa y en la funeraria.<\/p>\n<p>Lucca estaba internado en el hospital desde que el pasado lunes 19 de septiembre sufri\u00f3 una ca\u00edda que le provoc\u00f3 una fractura de cadera. El director musical fue operado de esta el d\u00eda 22 y recib\u00eda terapias de rehabilitaci\u00f3n.<\/p>\n<p>Este no fue el \u00fanico percance de salud que tuvo el m\u00fasico. En el 1997 le\u00a0 dio su primer infarto. Luego tuvo otros tres infartos del coraz\u00f3n.<\/p>\n<p>\u201cMe puedo ir feliz. Yo he disfrutado la vida bien\u201d, manifest\u00f3 Quique Lucca en una entrevista con <strong>Primera Hora<\/strong>, en referencia al haber sobrepasado el siglo de vida.<\/p>\n<p>Mientras, en una entrevista publicada en <strong>El Nuevo D\u00eda<\/strong> en el 2014 don Quique sostuvo que deseaba ser recordado \u201ccomo una persona buena, malo no. Como una persona ejemplar, que la gente en vez de imitarme para lo malo me imiten en lo bueno que he hecho. Lo \u00fanico que hecho es estar en la m\u00fasica, que es mi vida. Hasta que Dios disponga de m\u00ed\u201d.<\/p>\n<div id=\"attachment_16740\" style=\"width: 310px\" class=\"wp-caption alignleft\"><img loading=\"lazy\" decoding=\"async\" aria-describedby=\"caption-attachment-16740\" class=\"wp-image-16740 size-medium\" src=\"https:\/\/www.revistazetta.com\/wp-content\/uploads\/2016\/10\/Kike-Lucca-9-300x300.jpg\" alt=\"kike-lucca-9\" width=\"300\" height=\"300\" srcset=\"https:\/\/revistazetta.com\/wp-content\/uploads\/2016\/10\/Kike-Lucca-9-300x300.jpg 300w, https:\/\/revistazetta.com\/wp-content\/uploads\/2016\/10\/Kike-Lucca-9-150x150.jpg 150w, https:\/\/revistazetta.com\/wp-content\/uploads\/2016\/10\/Kike-Lucca-9-146x146.jpg 146w, https:\/\/revistazetta.com\/wp-content\/uploads\/2016\/10\/Kike-Lucca-9-50x50.jpg 50w, https:\/\/revistazetta.com\/wp-content\/uploads\/2016\/10\/Kike-Lucca-9-75x75.jpg 75w, https:\/\/revistazetta.com\/wp-content\/uploads\/2016\/10\/Kike-Lucca-9-85x85.jpg 85w, https:\/\/revistazetta.com\/wp-content\/uploads\/2016\/10\/Kike-Lucca-9-80x80.jpg 80w, https:\/\/revistazetta.com\/wp-content\/uploads\/2016\/10\/Kike-Lucca-9.jpg 400w\" sizes=\"auto, (max-width: 300px) 100vw, 300px\" \/><p id=\"caption-attachment-16740\" class=\"wp-caption-text\">Don Quoique y su hijo Papo Lucca, director de la Sonora Ponce\u00f1a.<\/p><\/div>\n<p>En su carrera art\u00edstica don Quique se destac\u00f3 por ser un director visionario. Le deleg\u00f3 a su hijo Paco Lucca la consolidaci\u00f3n del estilo musical de la Sonora Ponce\u00f1a\u00a0hasta el presente. Juntos crearon la identidad de la agrupaci\u00f3n que goza de admiraci\u00f3n y respeto en Puerto Rico y en el exterior. \u00c9xitos memorables como \u201cHachero pa\u2019 un palo\u00bb, \u201cEl p\u00edo, p\u00edo\u201d\u00a0 y \u201cFuego en el 23\u201d son imprescindibles en el repertorio salsero. Por la fila de la Sonora Ponce\u00f1a han pasado m\u00e1s de un centenar de m\u00fasicos. Esta orquesta\u00a0 se distingue por\u00a0 la combinaci\u00f3n de jazz latino, guaracha y salsa.<\/p>\n<p>Antes de ser director de la orquesta, don Quique fue taxista en Ponce. Transportaba pasajeros del \u00e1rea de la Playa de Ponce\u00a0 al casco urbano. Luego le dio\u00a0 vida a\u00a0 un\u00a0 cuarteto musical junto a su hermano Pell\u00edn. El\u00a0 cuarteto evolucion\u00f3 y cre\u00f3 el Conjunto Nacional que dio paso a la formaci\u00f3n de la Sonora Ponce\u00f1a.<\/p>\n<p>Don Quique dentro de sus limitaciones por la vejez\u00a0 se mantuvo activo en la m\u00fasica hasta \u00a0sus \u00faltimos d\u00edas.<\/p>\n<p>&nbsp;<\/p>\n<p><strong>Sonora Ponce\u00f1a toca en medio de su dolor<\/strong><\/p>\n<div id=\"attachment_16743\" style=\"width: 310px\" class=\"wp-caption alignright\"><img loading=\"lazy\" decoding=\"async\" aria-describedby=\"caption-attachment-16743\" class=\"wp-image-16743 size-medium\" src=\"https:\/\/www.revistazetta.com\/wp-content\/uploads\/2016\/10\/Kike-Lucca-13-300x263.jpg\" alt=\"kike-lucca-13\" width=\"300\" height=\"263\" srcset=\"https:\/\/revistazetta.com\/wp-content\/uploads\/2016\/10\/Kike-Lucca-13-300x263.jpg 300w, https:\/\/revistazetta.com\/wp-content\/uploads\/2016\/10\/Kike-Lucca-13-167x146.jpg 167w, https:\/\/revistazetta.com\/wp-content\/uploads\/2016\/10\/Kike-Lucca-13-50x44.jpg 50w, https:\/\/revistazetta.com\/wp-content\/uploads\/2016\/10\/Kike-Lucca-13-86x75.jpg 86w, https:\/\/revistazetta.com\/wp-content\/uploads\/2016\/10\/Kike-Lucca-13.jpg 900w\" sizes=\"auto, (max-width: 300px) 100vw, 300px\" \/><p id=\"caption-attachment-16743\" class=\"wp-caption-text\">Pocas horas apenas de saber la muerte de su fundador, la sonora Ponchera se present\u00f3 en la ciudad de Santa Isabel. Su hijo, Papo Lucca, llora al tocar el piano.<\/p><\/div>\n<p>En medio\u00a0del\u00a0desconsuelo por la muerte del fundador de la orquesta La Sonora\u00a0Ponce\u00f1a, Enrique \u201cQuique\u201d Lucca, los integrantes de la agrupaci\u00f3n se\u00a0presentaron la noche del domingo en Santa Isabel.<\/p>\n<p>La orquesta arranc\u00f3 a\u00a0tocar a las 7:30 p.m. en las\u00a0fiestas de la\u00a0fundaci\u00f3n del pueblo de Santa Isabel, mientras el\u00a0cuerpo don Quique\u00a0era\u00a0recibido en la funeraria Jackie Oliver en Ponce.<\/p>\n<p>El fundador de la orquesta falleci\u00f3 esa tarde a los 103 a\u00f1os\u00a0a consecuencia de un paro respiratorio en el Hospital Damas en Ponce. Al momento de su muerte, su hija Zulma se\u00a0encontraba con el l\u00edder de la agrupaci\u00f3n que se\u00a0fund\u00f3 en el 1954.<\/p>\n<p>Un compungido Papo Lucca, junto al resto de los miembros de la orquesta decidi\u00f3 no cancelar\u00a0la\u00a0presentaci\u00f3n de esta noche en honor a su\u00a0padre, dado que el veterano m\u00fasico le\u00a0ense\u00f1\u00f3 que\u00a0la responsabilidad y el deber son una prioridad.<\/p>\n<p>\u201cEstamos aqu\u00ed como \u00e9l hubiese querido. Sabemos que \u00e9l est\u00e1 al lado de nosotros\u201d, indic\u00f3 un afectado Papo al dirigirse a los asistentes.<\/p>\n<p>Tras\u00a0esas\u00a0palabras Papo se ubic\u00f3 frente al banquillo del piano e hizo lo que sus virtuosas manos han\u00a0hecho\u00a0a trav\u00e9s de m\u00e1s de cinco d\u00e9cadas: tocar\u00a0salsa\u00a0gorda. No obstante, el hijo del fenecido m\u00fasico se\u00a0mostr\u00f3 devastado por\u00a0la muerte de su padre. Igual de tristes lucieron el resto de\u00a0los integrantes\u00a0de la orquesta. La agrupaci\u00f3n toc\u00f3 una selecci\u00f3n\u00a0de sus\u00a0grandes \u00e9xitos.<\/p>\n<p>Durante el\u00a0espect\u00e1culo de esta noche La Sonora Ponce\u00f1a altern\u00f3 tarima con las\u00a0orquestas de Puerto\u00a0Rican Power y\u00a0Willie Rosario.<\/p>\n<p><img loading=\"lazy\" decoding=\"async\" class=\"alignright size-medium wp-image-16735\" src=\"https:\/\/www.revistazetta.com\/wp-content\/uploads\/2016\/10\/Kike-Lucca-4-300x169.jpg\" alt=\"kike-lucca-4\" width=\"300\" height=\"169\" srcset=\"https:\/\/revistazetta.com\/wp-content\/uploads\/2016\/10\/Kike-Lucca-4-300x169.jpg 300w, https:\/\/revistazetta.com\/wp-content\/uploads\/2016\/10\/Kike-Lucca-4-260x146.jpg 260w, https:\/\/revistazetta.com\/wp-content\/uploads\/2016\/10\/Kike-Lucca-4-50x28.jpg 50w, https:\/\/revistazetta.com\/wp-content\/uploads\/2016\/10\/Kike-Lucca-4-133x75.jpg 133w, https:\/\/revistazetta.com\/wp-content\/uploads\/2016\/10\/Kike-Lucca-4.jpg 960w\" sizes=\"auto, (max-width: 300px) 100vw, 300px\" \/> <img loading=\"lazy\" decoding=\"async\" class=\"alignright size-medium wp-image-16741\" src=\"https:\/\/www.revistazetta.com\/wp-content\/uploads\/2016\/10\/Kike-Lucca-10-300x300.jpg\" alt=\"kike-lucca-10\" width=\"300\" height=\"300\" srcset=\"https:\/\/revistazetta.com\/wp-content\/uploads\/2016\/10\/Kike-Lucca-10-300x300.jpg 300w, https:\/\/revistazetta.com\/wp-content\/uploads\/2016\/10\/Kike-Lucca-10-150x150.jpg 150w, https:\/\/revistazetta.com\/wp-content\/uploads\/2016\/10\/Kike-Lucca-10-146x146.jpg 146w, https:\/\/revistazetta.com\/wp-content\/uploads\/2016\/10\/Kike-Lucca-10-50x50.jpg 50w, https:\/\/revistazetta.com\/wp-content\/uploads\/2016\/10\/Kike-Lucca-10-75x75.jpg 75w, https:\/\/revistazetta.com\/wp-content\/uploads\/2016\/10\/Kike-Lucca-10-85x85.jpg 85w, https:\/\/revistazetta.com\/wp-content\/uploads\/2016\/10\/Kike-Lucca-10-80x80.jpg 80w, https:\/\/revistazetta.com\/wp-content\/uploads\/2016\/10\/Kike-Lucca-10.jpg 960w\" sizes=\"auto, (max-width: 300px) 100vw, 300px\" \/> <img loading=\"lazy\" decoding=\"async\" class=\"alignright size-medium wp-image-16737\" src=\"https:\/\/www.revistazetta.com\/wp-content\/uploads\/2016\/10\/Kike-Lucca-6-300x169.jpg\" alt=\"kike-lucca-6\" width=\"300\" height=\"169\" srcset=\"https:\/\/revistazetta.com\/wp-content\/uploads\/2016\/10\/Kike-Lucca-6-300x169.jpg 300w, https:\/\/revistazetta.com\/wp-content\/uploads\/2016\/10\/Kike-Lucca-6-260x146.jpg 260w, https:\/\/revistazetta.com\/wp-content\/uploads\/2016\/10\/Kike-Lucca-6-50x28.jpg 50w, https:\/\/revistazetta.com\/wp-content\/uploads\/2016\/10\/Kike-Lucca-6-133x75.jpg 133w, https:\/\/revistazetta.com\/wp-content\/uploads\/2016\/10\/Kike-Lucca-6.jpg 960w\" sizes=\"auto, (max-width: 300px) 100vw, 300px\" \/> <img loading=\"lazy\" decoding=\"async\" class=\"alignright size-medium wp-image-16738\" src=\"https:\/\/www.revistazetta.com\/wp-content\/uploads\/2016\/10\/Kike-Lucca-7-240x300.jpg\" alt=\"kike-lucca-7\" width=\"240\" height=\"300\" srcset=\"https:\/\/revistazetta.com\/wp-content\/uploads\/2016\/10\/Kike-Lucca-7-240x300.jpg 240w, https:\/\/revistazetta.com\/wp-content\/uploads\/2016\/10\/Kike-Lucca-7-117x146.jpg 117w, https:\/\/revistazetta.com\/wp-content\/uploads\/2016\/10\/Kike-Lucca-7-40x50.jpg 40w, https:\/\/revistazetta.com\/wp-content\/uploads\/2016\/10\/Kike-Lucca-7-60x75.jpg 60w, https:\/\/revistazetta.com\/wp-content\/uploads\/2016\/10\/Kike-Lucca-7.jpg 480w\" sizes=\"auto, (max-width: 240px) 100vw, 240px\" \/><\/p>\n<p>&nbsp;<\/p>\n","protected":false},"excerpt":{"rendered":"<p>Enrique \u201cQuique\u201d Lucca Caraballo, fundador y director de la orquesta salsera La Sonora Ponce\u00f1a, falleci\u00f3 este domingo a los 103 a\u00f1os en el Hospital Damas de Ponce. Las exequias del fundador\u00a0 de la orquesta ser\u00e1n en la funeraria Jackie Oliver en el pueblo de Ponce. El cuerpo del m\u00fasico ya fue trasportado a\u00a0 la funeraria. Los familiares de Lucca a\u00fan no han determinado por cu\u00e1ntos\u00a0 d\u00edas ser\u00e1 el velatorio, puesto que ponderan velar el cuerpo del\u00a0 m\u00fasico en su casa y en la funeraria. Lucca estaba internado en el hospital&#8230; <\/p>\n","protected":false},"author":3,"featured_media":16745,"comment_status":"open","ping_status":"closed","sticky":false,"template":"","format":"standard","meta":{"footnotes":"","_links_to":"","_links_to_target":""},"categories":[41,75,43],"tags":[],"class_list":["post-16731","post","type-post","status-publish","format-standard","has-post-thumbnail","hentry","category-cultura","category-destacada","category-cultura-musica"],"_links":{"self":[{"href":"https:\/\/revistazetta.com\/index.php?rest_route=\/wp\/v2\/posts\/16731","targetHints":{"allow":["GET"]}}],"collection":[{"href":"https:\/\/revistazetta.com\/index.php?rest_route=\/wp\/v2\/posts"}],"about":[{"href":"https:\/\/revistazetta.com\/index.php?rest_route=\/wp\/v2\/types\/post"}],"author":[{"embeddable":true,"href":"https:\/\/revistazetta.com\/index.php?rest_route=\/wp\/v2\/users\/3"}],"replies":[{"embeddable":true,"href":"https:\/\/revistazetta.com\/index.php?rest_route=%2Fwp%2Fv2%2Fcomments&post=16731"}],"version-history":[{"count":0,"href":"https:\/\/revistazetta.com\/index.php?rest_route=\/wp\/v2\/posts\/16731\/revisions"}],"wp:featuredmedia":[{"embeddable":true,"href":"https:\/\/revistazetta.com\/index.php?rest_route=\/wp\/v2\/media\/16745"}],"wp:attachment":[{"href":"https:\/\/revistazetta.com\/index.php?rest_route=%2Fwp%2Fv2%2Fmedia&parent=16731"}],"wp:term":[{"taxonomy":"category","embeddable":true,"href":"https:\/\/revistazetta.com\/index.php?rest_route=%2Fwp%2Fv2%2Fcategories&post=16731"},{"taxonomy":"post_tag","embeddable":true,"href":"https:\/\/revistazetta.com\/index.php?rest_route=%2Fwp%2Fv2%2Ftags&post=16731"}],"curies":[{"name":"wp","href":"https:\/\/api.w.org\/{rel}","templated":true}]}}