{"id":16748,"date":"2016-10-10T09:20:43","date_gmt":"2016-10-10T14:20:43","guid":{"rendered":"http:\/\/www.revistazetta.com\/?p=16748"},"modified":"2016-10-10T09:28:21","modified_gmt":"2016-10-10T14:28:21","slug":"tienda-reciclaje-alimentar-resocializar","status":"publish","type":"post","link":"https:\/\/revistazetta.com\/?p=16748","title":{"rendered":"Tienda de Reciclaje, para alimentar y resocializar"},"content":{"rendered":"<div id=\"attachment_16750\" style=\"width: 310px\" class=\"wp-caption alignleft\"><img loading=\"lazy\" decoding=\"async\" aria-describedby=\"caption-attachment-16750\" class=\"wp-image-16750 size-medium\" src=\"https:\/\/www.revistazetta.com\/wp-content\/uploads\/2016\/10\/Ronald-Fortich-recicla-300x188.jpg\" alt=\"ronald-fortich-recicla\" width=\"300\" height=\"188\" srcset=\"https:\/\/revistazetta.com\/wp-content\/uploads\/2016\/10\/Ronald-Fortich-recicla-300x188.jpg 300w, https:\/\/revistazetta.com\/wp-content\/uploads\/2016\/10\/Ronald-Fortich-recicla-234x146.jpg 234w, https:\/\/revistazetta.com\/wp-content\/uploads\/2016\/10\/Ronald-Fortich-recicla-50x31.jpg 50w, https:\/\/revistazetta.com\/wp-content\/uploads\/2016\/10\/Ronald-Fortich-recicla-120x75.jpg 120w, https:\/\/revistazetta.com\/wp-content\/uploads\/2016\/10\/Ronald-Fortich-recicla.jpg 576w\" sizes=\"auto, (max-width: 300px) 100vw, 300px\" \/><p id=\"caption-attachment-16750\" class=\"wp-caption-text\">Ronald Fortich Rodelo, concejal.<\/p><\/div>\n<p>Una tacada social a tres bandas es la que comenz\u00f3 a configurarse desde el Concejo: reciclar, alimentar y resocializar.<\/p>\n<p>La primera, reciclaje, busca que desde la misma familia cartagenera se inicie el proceso de preselecci\u00f3n de basuras, para mejorar la salubridad, el ambiente y la educaci\u00f3n ambiental.<\/p>\n<p>La segunda, alimentaci\u00f3n, es la cantidad de alimentos que se entrega a cada familia a cambio del material reciclado. Es decir, un trueque de basura por comida.<\/p>\n<p>La tercera, resocializaci\u00f3n, es la articulaci\u00f3n de la Administraci\u00f3n Distrital con segmentos de poblaci\u00f3n espec\u00edficos, como pueden ser los j\u00f3venes en riesgo, para que administren el programa y deriven un sustento.<\/p>\n<p>\u201cNo se trata de un proyecto asistencialista sino autosuficiente, que inicia con el apoyo de la Alcald\u00eda e involucra al tejido social\u201d, se\u00f1al\u00f3 el concejal Ronald Fortich, quien hizo un esbozo de la iniciativa ante el Concejo.<\/p>\n<p>Seg\u00fan el cabildante, el problema del hambre es una tragedia que se presenta a diario en miles de hogares cartageneros. Describe que a veces es un plato de arroz con un pl\u00e1tano la \u00fanica raci\u00f3n de alimento en un d\u00eda para una numerosa familia.<\/p>\n<p>\u201cCartones, botellas, pl\u00e1stico son elementos que podr\u00eda recolectar un miembro de la familia, y acercarse a una Tienda de Reciclaje y canjearlos por prote\u00ednas, carbohidratos o harinas, seg\u00fan las tablas de cambio que all\u00ed se tengan.<\/p>\n<p>\u201cUn programa bien organizado podr\u00eda contribuir a que los barrios se mantengan limpios, con la positiva consecuencia para la salud y el ambiente; a que muchas familias encuentren una alternativa frente al hambre, y que grupos sociales como los j\u00f3venes en riesgo encuentren una fuente de ingresos estable\u201d, expres\u00f3 Fortich Rodelo.<\/p>\n<p>El concejal dijo que est\u00e1 en la etapa de estructuraci\u00f3n integral de la propuesta, para presentarla al Concejo en las presentes sesiones ordinarias.<\/p>\n<p>&nbsp;<\/p>\n","protected":false},"excerpt":{"rendered":"<p>Una tacada social a tres bandas es la que comenz\u00f3 a configurarse desde el Concejo: reciclar, alimentar y resocializar. La primera, reciclaje, busca que desde la misma familia cartagenera se inicie el proceso de preselecci\u00f3n de basuras, para mejorar la salubridad, el ambiente y la educaci\u00f3n ambiental. La segunda, alimentaci\u00f3n, es la cantidad de alimentos que se entrega a cada familia a cambio del material reciclado. Es decir, un trueque de basura por comida. La tercera, resocializaci\u00f3n, es la articulaci\u00f3n de la Administraci\u00f3n Distrital con segmentos de poblaci\u00f3n espec\u00edficos, como&#8230; <\/p>\n","protected":false},"author":3,"featured_media":16749,"comment_status":"open","ping_status":"closed","sticky":false,"template":"","format":"standard","meta":{"footnotes":"","_links_to":"","_links_to_target":""},"categories":[75,27,4],"tags":[],"class_list":["post-16748","post","type-post","status-publish","format-standard","has-post-thumbnail","hentry","category-destacada","category-politicaconcejo","category-politica"],"_links":{"self":[{"href":"https:\/\/revistazetta.com\/index.php?rest_route=\/wp\/v2\/posts\/16748","targetHints":{"allow":["GET"]}}],"collection":[{"href":"https:\/\/revistazetta.com\/index.php?rest_route=\/wp\/v2\/posts"}],"about":[{"href":"https:\/\/revistazetta.com\/index.php?rest_route=\/wp\/v2\/types\/post"}],"author":[{"embeddable":true,"href":"https:\/\/revistazetta.com\/index.php?rest_route=\/wp\/v2\/users\/3"}],"replies":[{"embeddable":true,"href":"https:\/\/revistazetta.com\/index.php?rest_route=%2Fwp%2Fv2%2Fcomments&post=16748"}],"version-history":[{"count":0,"href":"https:\/\/revistazetta.com\/index.php?rest_route=\/wp\/v2\/posts\/16748\/revisions"}],"wp:featuredmedia":[{"embeddable":true,"href":"https:\/\/revistazetta.com\/index.php?rest_route=\/wp\/v2\/media\/16749"}],"wp:attachment":[{"href":"https:\/\/revistazetta.com\/index.php?rest_route=%2Fwp%2Fv2%2Fmedia&parent=16748"}],"wp:term":[{"taxonomy":"category","embeddable":true,"href":"https:\/\/revistazetta.com\/index.php?rest_route=%2Fwp%2Fv2%2Fcategories&post=16748"},{"taxonomy":"post_tag","embeddable":true,"href":"https:\/\/revistazetta.com\/index.php?rest_route=%2Fwp%2Fv2%2Ftags&post=16748"}],"curies":[{"name":"wp","href":"https:\/\/api.w.org\/{rel}","templated":true}]}}