{"id":16756,"date":"2016-10-10T15:12:41","date_gmt":"2016-10-10T20:12:41","guid":{"rendered":"http:\/\/www.revistazetta.com\/?p=16756"},"modified":"2016-10-10T15:12:41","modified_gmt":"2016-10-10T20:12:41","slug":"preocupa-al-concejo-aumento-desercion-escolar-distrito","status":"publish","type":"post","link":"https:\/\/revistazetta.com\/?p=16756","title":{"rendered":"Preocupa al Concejo aumento de deserci\u00f3n escolar en el Distrito"},"content":{"rendered":"<p>El concejal de la bancada de Cartagena Confirma Ronald Fortich present\u00f3 ante los miembros de la corporaci\u00f3n una proposici\u00f3n referente a la deserci\u00f3n escolar que se presenta en la ciudad.<\/p>\n<p>El cabildante dijo: \u201cEs muy preocupante lo que est\u00e1n viviendo los j\u00f3venes en el distrito de Cartagena, en especial los j\u00f3venes que se encuentran sin laborar y sin asistir a las entidades educativas\u201d.<\/p>\n<p>Aseguro que lo que se busca con la proposici\u00f3n presentada es conocer por parte del secretario de educaci\u00f3n qu\u00e9 estrategia se est\u00e1 implementando para evitar la deserci\u00f3n escolar que est\u00e1 creciendo d\u00eda a d\u00eda en Cartagena.<\/p>\n<p>El concejal Edgar Mendoza de la bancada Conservadora adicion\u00f3 a esta proposici\u00f3n revisar y conocer qu\u00e9 estrategia implementa la Secretar\u00eda de Educaci\u00f3n para mitigar el desarme, el ingreso de estupefacientes en las instituciones educativas.<\/p>\n<p>Entre tanto el concejal, Lewis Montero Polo de la bancada de Opci\u00f3n Ciudadana, pidi\u00f3 revisar proposiciones anteriores relacionadas con la deserci\u00f3n escolar.<\/p>\n","protected":false},"excerpt":{"rendered":"<p>El concejal de la bancada de Cartagena Confirma Ronald Fortich present\u00f3 ante los miembros de la corporaci\u00f3n una proposici\u00f3n referente a la deserci\u00f3n escolar que se presenta en la ciudad. El cabildante dijo: \u201cEs muy preocupante lo que est\u00e1n viviendo los j\u00f3venes en el distrito de Cartagena, en especial los j\u00f3venes que se encuentran sin laborar y sin asistir a las entidades educativas\u201d. Aseguro que lo que se busca con la proposici\u00f3n presentada es conocer por parte del secretario de educaci\u00f3n qu\u00e9 estrategia se est\u00e1 implementando para evitar la deserci\u00f3n&#8230; <\/p>\n","protected":false},"author":3,"featured_media":16757,"comment_status":"open","ping_status":"closed","sticky":false,"template":"","format":"standard","meta":{"footnotes":"","_links_to":"","_links_to_target":""},"categories":[27],"tags":[],"class_list":["post-16756","post","type-post","status-publish","format-standard","has-post-thumbnail","hentry","category-politicaconcejo"],"_links":{"self":[{"href":"https:\/\/revistazetta.com\/index.php?rest_route=\/wp\/v2\/posts\/16756","targetHints":{"allow":["GET"]}}],"collection":[{"href":"https:\/\/revistazetta.com\/index.php?rest_route=\/wp\/v2\/posts"}],"about":[{"href":"https:\/\/revistazetta.com\/index.php?rest_route=\/wp\/v2\/types\/post"}],"author":[{"embeddable":true,"href":"https:\/\/revistazetta.com\/index.php?rest_route=\/wp\/v2\/users\/3"}],"replies":[{"embeddable":true,"href":"https:\/\/revistazetta.com\/index.php?rest_route=%2Fwp%2Fv2%2Fcomments&post=16756"}],"version-history":[{"count":0,"href":"https:\/\/revistazetta.com\/index.php?rest_route=\/wp\/v2\/posts\/16756\/revisions"}],"wp:featuredmedia":[{"embeddable":true,"href":"https:\/\/revistazetta.com\/index.php?rest_route=\/wp\/v2\/media\/16757"}],"wp:attachment":[{"href":"https:\/\/revistazetta.com\/index.php?rest_route=%2Fwp%2Fv2%2Fmedia&parent=16756"}],"wp:term":[{"taxonomy":"category","embeddable":true,"href":"https:\/\/revistazetta.com\/index.php?rest_route=%2Fwp%2Fv2%2Fcategories&post=16756"},{"taxonomy":"post_tag","embeddable":true,"href":"https:\/\/revistazetta.com\/index.php?rest_route=%2Fwp%2Fv2%2Ftags&post=16756"}],"curies":[{"name":"wp","href":"https:\/\/api.w.org\/{rel}","templated":true}]}}