{"id":16758,"date":"2016-10-10T15:27:56","date_gmt":"2016-10-10T20:27:56","guid":{"rendered":"http:\/\/www.revistazetta.com\/?p=16758"},"modified":"2016-10-10T15:27:56","modified_gmt":"2016-10-10T20:27:56","slug":"blel-pide-establecer-pronto-debate-control-politico-transcaribe","status":"publish","type":"post","link":"https:\/\/revistazetta.com\/?p=16758","title":{"rendered":"Blel pide establecer pronto debate de control pol\u00edtico a Transcaribe"},"content":{"rendered":"<p>Vicente Blel, representante de la bancada de Cambio Radical, durante sesi\u00f3n del Concejo intervino para referirse al sistema de transporte masivo de Cartagena, Transcaribe.<\/p>\n<p>El concejal mostr\u00f3 su preocupaci\u00f3n porque el sistema, que si bien est\u00e1 funcionando, no va en el ritmo que deber\u00eda ir. En el pasado periodo de sesiones ordinarias en compa\u00f1\u00eda de la bancada Conservadora, ASI y Cambio Radical, se presentaron proposiciones respecto al tema, pero a\u00fan no se les ha se\u00f1alado fecha en el cronograma.<\/p>\n<p> \u201cCreer\u00eda que es de suma importancia que las proposiciones sean actualizadas y de una vez se agende el debate de control pol\u00edtico y poder ponerle la aceleradora a Transcaribe\u201d, afirm\u00f3 Blel Scaff.<\/p>\n","protected":false},"excerpt":{"rendered":"<p>Vicente Blel, representante de la bancada de Cambio Radical, durante sesi\u00f3n del Concejo intervino para referirse al sistema de transporte masivo de Cartagena, Transcaribe. El concejal mostr\u00f3 su preocupaci\u00f3n porque el sistema, que si bien est\u00e1 funcionando, no va en el ritmo que deber\u00eda ir. En el pasado periodo de sesiones ordinarias en compa\u00f1\u00eda de la bancada Conservadora, ASI y Cambio Radical, se presentaron proposiciones respecto al tema, pero a\u00fan no se les ha se\u00f1alado fecha en el cronograma. \u201cCreer\u00eda que es de suma importancia que las proposiciones sean actualizadas&#8230; <\/p>\n","protected":false},"author":3,"featured_media":16759,"comment_status":"open","ping_status":"closed","sticky":false,"template":"","format":"standard","meta":{"footnotes":"","_links_to":"","_links_to_target":""},"categories":[27],"tags":[],"class_list":["post-16758","post","type-post","status-publish","format-standard","has-post-thumbnail","hentry","category-politicaconcejo"],"_links":{"self":[{"href":"https:\/\/revistazetta.com\/index.php?rest_route=\/wp\/v2\/posts\/16758","targetHints":{"allow":["GET"]}}],"collection":[{"href":"https:\/\/revistazetta.com\/index.php?rest_route=\/wp\/v2\/posts"}],"about":[{"href":"https:\/\/revistazetta.com\/index.php?rest_route=\/wp\/v2\/types\/post"}],"author":[{"embeddable":true,"href":"https:\/\/revistazetta.com\/index.php?rest_route=\/wp\/v2\/users\/3"}],"replies":[{"embeddable":true,"href":"https:\/\/revistazetta.com\/index.php?rest_route=%2Fwp%2Fv2%2Fcomments&post=16758"}],"version-history":[{"count":0,"href":"https:\/\/revistazetta.com\/index.php?rest_route=\/wp\/v2\/posts\/16758\/revisions"}],"wp:featuredmedia":[{"embeddable":true,"href":"https:\/\/revistazetta.com\/index.php?rest_route=\/wp\/v2\/media\/16759"}],"wp:attachment":[{"href":"https:\/\/revistazetta.com\/index.php?rest_route=%2Fwp%2Fv2%2Fmedia&parent=16758"}],"wp:term":[{"taxonomy":"category","embeddable":true,"href":"https:\/\/revistazetta.com\/index.php?rest_route=%2Fwp%2Fv2%2Fcategories&post=16758"},{"taxonomy":"post_tag","embeddable":true,"href":"https:\/\/revistazetta.com\/index.php?rest_route=%2Fwp%2Fv2%2Ftags&post=16758"}],"curies":[{"name":"wp","href":"https:\/\/api.w.org\/{rel}","templated":true}]}}