{"id":16761,"date":"2016-10-10T18:02:15","date_gmt":"2016-10-10T23:02:15","guid":{"rendered":"http:\/\/www.revistazetta.com\/?p=16761"},"modified":"2016-10-10T18:02:15","modified_gmt":"2016-10-10T23:02:15","slug":"cartagena-miras-la-inclusion-fiestas-la-independencia-patrimonio-nacional","status":"publish","type":"post","link":"https:\/\/revistazetta.com\/?p=16761","title":{"rendered":"Cartagena con miras a la inclusi\u00f3n de Fiestas de la Independencia como Patrimonio Nacional"},"content":{"rendered":"<p>Se realiz\u00f3 el segundo taller participativo por localidades, con miras, a la inclusi\u00f3n de las Fiestas de Independencia en la Lista Representativa del Patrimonio Cultural Inmaterial de la Naci\u00f3n (LRPCI).<\/p>\n<p>El primer taller se desarroll\u00f3 en la Universidad Tecnol\u00f3gica de Bol\u00edvar (sede de Manga), y reuni\u00f3 a cerca de 70 creadores, actores festivos, y gestores culturales, de la Localidad Uno Hist\u00f3rica y del Caribe Norte, donde pudieron desarrollar y compartir diferentes posturas, acorde a sus l\u00edneas de trabajo.<\/p>\n<p>La jornada participativa estuvo direccionada en tres mesas tem\u00e1ticas: Econom\u00eda y Accesos Culturales, Gobernanza Cultural y Capital Social  y Diversidad Cultural y Pr\u00e1cticas Art\u00edsticas. En estas mesas se evaluaron la dimensi\u00f3n, los retrocesos, avances y retos de las Fiestas de Independencia de Cartagena.<\/p>\n<p>Estos grupos pidieron por la promoci\u00f3n de una cultura educativa y formativa hacia las Fiestas de Independencia a ni\u00f1os y j\u00f3venes en las instituciones educativas, los ciudadanos en general  y capacitaci\u00f3n de estudiantes de educaci\u00f3n superior y profesionales en materia festiva e independentista.<\/p>\n<p>Con la misma metodolog\u00eda, se desarroll\u00f3 el segundo taller en la localidad Dos de la Virgen y Tur\u00edstica, en la Instituci\u00f3n Educativa CASD \u201cManuela Beltr\u00e1n\u201d, lugar al que se acercaron gestores culturales, actores festivos, artistas, docentes, y l\u00edderes de comunidades ind\u00edgenas, quienes expresaron sus pensamientos en torno a la dimensi\u00f3n, los retrocesos, avances y retos de las Fiestas de Independencia de Cartagena. La directora del IPCC, Bertha Luc\u00eda Arnedo, tambi\u00e9n estuvo presente en una de las mesas de trabajo, realizando su aporte a la causa.<\/p>\n<p>Por otra parte, el se\u00f1or Jos\u00e9 Antonio Pe\u00f1a, representante del cabildo Zen\u00fa Senderos de Bayunca, mostr\u00f3 su satisfacci\u00f3n por representar a las sociedades  ind\u00edgenas y manifest\u00f3 el deseo de su comunidad para participar en las Fiestas de Independencia.<\/p>\n<p>\u201cNosotros estamos aqu\u00ed porque queremos participar, por primera vez, con un grupo ind\u00edgena de danza. Queremos que as\u00ed podamos caminar juntos m\u00e1s adelante, con una comunidad ind\u00edgena y todos los compa\u00f1eros que tambi\u00e9n est\u00e1n organiz\u00e1ndose, con un coraz\u00f3n noble y sencillo. Encontrarme aqu\u00ed con compa\u00f1eros ind\u00edgenas y afro es para m\u00ed un honor\u201d, expres\u00f3 el comisionado ind\u00edgena.<\/p>\n<p>El \u00faltimo taller a realizarse,  correspondiente a la localidad Tres Industrial y de la Bah\u00eda, se har\u00e1 el s\u00e1bado 15 de octubre en la Universidad San Buenaventura.<\/p>\n<p>Las conclusiones y acuerdos finales, resultantes de estos talleres participativos, ser\u00e1n socializados el 25 de octubre en el Aula M\u00e1xima de Derecho de la Universidad de Cartagena, donde se aprobar\u00e1 lo suscrito, para luego avanzar en la construcci\u00f3n del documento que se presentar\u00e1 tanto al Consejo Distrital de Patrimonio Cultural de Cartagena, como al Ministerio de Cultura, con la finalidad de que Las Fiestas de Independencia sean incluidas en la LRPCI.<\/p>\n","protected":false},"excerpt":{"rendered":"<p>Se realiz\u00f3 el segundo taller participativo por localidades, con miras, a la inclusi\u00f3n de las Fiestas de Independencia en la Lista Representativa del Patrimonio Cultural Inmaterial de la Naci\u00f3n (LRPCI). El primer taller se desarroll\u00f3 en la Universidad Tecnol\u00f3gica de Bol\u00edvar (sede de Manga), y reuni\u00f3 a cerca de 70 creadores, actores festivos, y gestores culturales, de la Localidad Uno Hist\u00f3rica y del Caribe Norte, donde pudieron desarrollar y compartir diferentes posturas, acorde a sus l\u00edneas de trabajo. La jornada participativa estuvo direccionada en tres mesas tem\u00e1ticas: Econom\u00eda y Accesos&#8230; <\/p>\n","protected":false},"author":3,"featured_media":16762,"comment_status":"open","ping_status":"closed","sticky":false,"template":"","format":"standard","meta":{"footnotes":"","_links_to":"","_links_to_target":""},"categories":[41],"tags":[],"class_list":["post-16761","post","type-post","status-publish","format-standard","has-post-thumbnail","hentry","category-cultura"],"_links":{"self":[{"href":"https:\/\/revistazetta.com\/index.php?rest_route=\/wp\/v2\/posts\/16761","targetHints":{"allow":["GET"]}}],"collection":[{"href":"https:\/\/revistazetta.com\/index.php?rest_route=\/wp\/v2\/posts"}],"about":[{"href":"https:\/\/revistazetta.com\/index.php?rest_route=\/wp\/v2\/types\/post"}],"author":[{"embeddable":true,"href":"https:\/\/revistazetta.com\/index.php?rest_route=\/wp\/v2\/users\/3"}],"replies":[{"embeddable":true,"href":"https:\/\/revistazetta.com\/index.php?rest_route=%2Fwp%2Fv2%2Fcomments&post=16761"}],"version-history":[{"count":0,"href":"https:\/\/revistazetta.com\/index.php?rest_route=\/wp\/v2\/posts\/16761\/revisions"}],"wp:featuredmedia":[{"embeddable":true,"href":"https:\/\/revistazetta.com\/index.php?rest_route=\/wp\/v2\/media\/16762"}],"wp:attachment":[{"href":"https:\/\/revistazetta.com\/index.php?rest_route=%2Fwp%2Fv2%2Fmedia&parent=16761"}],"wp:term":[{"taxonomy":"category","embeddable":true,"href":"https:\/\/revistazetta.com\/index.php?rest_route=%2Fwp%2Fv2%2Fcategories&post=16761"},{"taxonomy":"post_tag","embeddable":true,"href":"https:\/\/revistazetta.com\/index.php?rest_route=%2Fwp%2Fv2%2Ftags&post=16761"}],"curies":[{"name":"wp","href":"https:\/\/api.w.org\/{rel}","templated":true}]}}