{"id":16764,"date":"2016-10-11T05:27:05","date_gmt":"2016-10-11T10:27:05","guid":{"rendered":"http:\/\/www.revistazetta.com\/?p=16764"},"modified":"2016-10-11T05:34:22","modified_gmt":"2016-10-11T10:34:22","slug":"ipcc-exige-locales-comerciales-la-descontaminacion-visual-fachadas","status":"publish","type":"post","link":"https:\/\/revistazetta.com\/?p=16764","title":{"rendered":"IPCC exige a locales comerciales la descontaminaci\u00f3n visual de sus fachadas"},"content":{"rendered":"<p>Ya son 32 establecimientos de comercio del Centro Hist\u00f3rico de Cartagena los que han atendido el llamado para la descontaminaci\u00f3n visual y han retirado los avisos que violaban la normatividad vigente, acogi\u00e9ndose a las disposiciones definidas por el IPCC y aprovechando las orientaciones que esta instituci\u00f3n ofrece.<\/p>\n<p>As\u00ed se puede evidenciar en locales como: Calypso, Caf\u00e9 la Mantilla, Asyco, Droguer\u00eda del Norte o Tennis, algunos de los 32 establecimientos que ya se han acogido a la norma.<br \/>\n<img loading=\"lazy\" decoding=\"async\" src=\"https:\/\/www.revistazetta.com\/wp-content\/uploads\/2016\/10\/DVCH1-300x187.jpg\" alt=\"dvch1\" width=\"300\" height=\"187\" class=\"alignright size-medium wp-image-16767\" srcset=\"https:\/\/revistazetta.com\/wp-content\/uploads\/2016\/10\/DVCH1-300x187.jpg 300w, https:\/\/revistazetta.com\/wp-content\/uploads\/2016\/10\/DVCH1-234x146.jpg 234w, https:\/\/revistazetta.com\/wp-content\/uploads\/2016\/10\/DVCH1-50x31.jpg 50w, https:\/\/revistazetta.com\/wp-content\/uploads\/2016\/10\/DVCH1-120x75.jpg 120w, https:\/\/revistazetta.com\/wp-content\/uploads\/2016\/10\/DVCH1.jpg 570w\" sizes=\"auto, (max-width: 300px) 100vw, 300px\" \/><\/p>\n<p><img loading=\"lazy\" decoding=\"async\" src=\"https:\/\/www.revistazetta.com\/wp-content\/uploads\/2016\/10\/DVCH2-300x187.jpg\" alt=\"dvch2\" width=\"300\" height=\"187\" class=\"alignright size-medium wp-image-16768\" srcset=\"https:\/\/revistazetta.com\/wp-content\/uploads\/2016\/10\/DVCH2-300x187.jpg 300w, https:\/\/revistazetta.com\/wp-content\/uploads\/2016\/10\/DVCH2-234x146.jpg 234w, https:\/\/revistazetta.com\/wp-content\/uploads\/2016\/10\/DVCH2-50x31.jpg 50w, https:\/\/revistazetta.com\/wp-content\/uploads\/2016\/10\/DVCH2-120x75.jpg 120w, https:\/\/revistazetta.com\/wp-content\/uploads\/2016\/10\/DVCH2.jpg 570w\" sizes=\"auto, (max-width: 300px) 100vw, 300px\" \/><\/p>\n<p>Sumado a esto, el IPCC seguir\u00e1 en esta labor para que muchos m\u00e1s establecimientos se acojan a la norma y realicen los cambios en sus avisos y fachadas, pues se seguir\u00e1 haciendo seguimiento jur\u00eddico, abriendo procesos administrativos sancionatorios a los propietarios responsables, generando con esto una sanci\u00f3n pecuniaria por la infracci\u00f3n a la norma de avisos y fachadas.<\/p>\n<p>El equipo del IPCC, en cabeza de su directora, Berta Arnedo Redondo, inform\u00f3 que est\u00e1 presto a dar cualquier informaci\u00f3n sobre la implementaci\u00f3n de avisos y qu\u00e9 tipo de pintura utilizar para las fachadas del Centro Hist\u00f3rico.<\/p>\n<p>Seg\u00fan la Directora, el llamado sigue siendo a que todas las instancias corresponsables en el funcionamiento del Centro Hist\u00f3rico en lo comercial, tur\u00edstico, ambiental, seguridad, movilidad, comunitario, entre otros aspectos a que sigan fortaleciendo sus competencias y particularmente revisando sus protocolos para que las autorizaciones, permisos y procesos no se presten de manera aislada ni omitiendo que para Centro lo m\u00e1s importante es su condici\u00f3n patrimonial y que a partir de ella, se deben hacer todos los dem\u00e1s ajustes y desarrollos.<\/p>\n<p>Para ello se brinda atenci\u00f3n personalizada en la Oficina de Patrimonio Cultural del Instituto de Patrimonio y Cultura de Cartagena IPCC, ubicada en el Barrio Getseman\u00ed, Calle Larga N\u00b0 9A-47 \/ Telefax: 57 + 5 6649443 &#8211; 6649449 o al correo electr\u00f3nico: info@ipcc.gov.co<\/p>\n<p>En el siguiente link se encuentran todas las fotos que pertenecen a los 32 locales que se han acogido a la norma.<\/p>\n<p>https:\/\/www.wetransfer.com\/downloads\/9d5cb3ab76d28ed420f3879611b4627a20161010021441\/bf0f55<\/p>\n","protected":false},"excerpt":{"rendered":"<p>Ya son 32 establecimientos de comercio del Centro Hist\u00f3rico de Cartagena los que han atendido el llamado para la descontaminaci\u00f3n visual y han retirado los avisos que violaban la normatividad vigente, acogi\u00e9ndose a las disposiciones definidas por el IPCC y aprovechando las orientaciones que esta instituci\u00f3n ofrece. As\u00ed se puede evidenciar en locales como: Calypso, Caf\u00e9 la Mantilla, Asyco, Droguer\u00eda del Norte o Tennis, algunos de los 32 establecimientos que ya se han acogido a la norma. Sumado a esto, el IPCC seguir\u00e1 en esta labor para que muchos m\u00e1s&#8230; <\/p>\n","protected":false},"author":3,"featured_media":16765,"comment_status":"open","ping_status":"closed","sticky":false,"template":"","format":"standard","meta":{"footnotes":"","_links_to":"","_links_to_target":""},"categories":[32,85],"tags":[],"class_list":["post-16764","post","type-post","status-publish","format-standard","has-post-thumbnail","hentry","category-actualidad-distrito","category-cartagena"],"_links":{"self":[{"href":"https:\/\/revistazetta.com\/index.php?rest_route=\/wp\/v2\/posts\/16764","targetHints":{"allow":["GET"]}}],"collection":[{"href":"https:\/\/revistazetta.com\/index.php?rest_route=\/wp\/v2\/posts"}],"about":[{"href":"https:\/\/revistazetta.com\/index.php?rest_route=\/wp\/v2\/types\/post"}],"author":[{"embeddable":true,"href":"https:\/\/revistazetta.com\/index.php?rest_route=\/wp\/v2\/users\/3"}],"replies":[{"embeddable":true,"href":"https:\/\/revistazetta.com\/index.php?rest_route=%2Fwp%2Fv2%2Fcomments&post=16764"}],"version-history":[{"count":0,"href":"https:\/\/revistazetta.com\/index.php?rest_route=\/wp\/v2\/posts\/16764\/revisions"}],"wp:featuredmedia":[{"embeddable":true,"href":"https:\/\/revistazetta.com\/index.php?rest_route=\/wp\/v2\/media\/16765"}],"wp:attachment":[{"href":"https:\/\/revistazetta.com\/index.php?rest_route=%2Fwp%2Fv2%2Fmedia&parent=16764"}],"wp:term":[{"taxonomy":"category","embeddable":true,"href":"https:\/\/revistazetta.com\/index.php?rest_route=%2Fwp%2Fv2%2Fcategories&post=16764"},{"taxonomy":"post_tag","embeddable":true,"href":"https:\/\/revistazetta.com\/index.php?rest_route=%2Fwp%2Fv2%2Ftags&post=16764"}],"curies":[{"name":"wp","href":"https:\/\/api.w.org\/{rel}","templated":true}]}}