{"id":16770,"date":"2016-10-11T05:38:18","date_gmt":"2016-10-11T10:38:18","guid":{"rendered":"http:\/\/www.revistazetta.com\/?p=16770"},"modified":"2016-10-11T05:38:18","modified_gmt":"2016-10-11T10:38:18","slug":"victimas-del-conflicto-armado-reciben-libretas-militares","status":"publish","type":"post","link":"https:\/\/revistazetta.com\/?p=16770","title":{"rendered":"V\u00edctimas del conflicto armado reciben libretas militares"},"content":{"rendered":"<p>Un total de 240 v\u00edctimas del conflicto armado recibieron gratis la tarde de este lunes su libreta militar gracias al trabajo mancomunado entre la Alcald\u00eda Mayor de Cartagena de Indias, la Unidad Nacional de Atenci\u00f3n de V\u00edctimas del Conflicto Armado, Ministerio de Defensa y el Ej\u00e9rcito Nacional. De los 240 beneficiarios, 210 est\u00e1n radicados en la capital de Bol\u00edvar.<\/p>\n<p>\u201cEste ha sido un proceso de acompa\u00f1amiento de la ruta de atenci\u00f3n por parte de la Unidad y recibo con mucha satisfacci\u00f3n mi libreta porque as\u00ed lo estipula la ley y debe cumplirse a cabalidad. Adem\u00e1s hace parte de ese proceso de reparaci\u00f3n integral a las personas que somos v\u00edctimas\u201d, asegur\u00f3 Gabriel Torres, joven que lleg\u00f3 junto a su familia a Cartagena hace m\u00e1s de 10 a\u00f1os desplazados por la violencia en el departamento de Sucre.<br \/>\n<img loading=\"lazy\" decoding=\"async\" src=\"https:\/\/www.revistazetta.com\/wp-content\/uploads\/2016\/10\/VLM1-300x187.jpg\" alt=\"vlm1\" width=\"300\" height=\"187\" class=\"alignright size-medium wp-image-16772\" srcset=\"https:\/\/revistazetta.com\/wp-content\/uploads\/2016\/10\/VLM1-300x187.jpg 300w, https:\/\/revistazetta.com\/wp-content\/uploads\/2016\/10\/VLM1-234x146.jpg 234w, https:\/\/revistazetta.com\/wp-content\/uploads\/2016\/10\/VLM1-50x31.jpg 50w, https:\/\/revistazetta.com\/wp-content\/uploads\/2016\/10\/VLM1-120x75.jpg 120w, https:\/\/revistazetta.com\/wp-content\/uploads\/2016\/10\/VLM1.jpg 570w\" sizes=\"auto, (max-width: 300px) 100vw, 300px\" \/><br \/>\nPor su parte, Jhon Jaramillo, coordinador del programa Atenci\u00f3n a V\u00edctimas del Conflicto Armado adscrito a la Secretar\u00eda del Interior y Convivencia Ciudadana, explic\u00f3 que la entrega se hizo luego de una convocatoria para quienes no ten\u00edan su situaci\u00f3n militar definida en el marco de las medidas de satisfacci\u00f3n que contempla la ley 1448 de 2011 en la cual se dictan medidas de atenci\u00f3n, asistencia y reparaci\u00f3n integral a las v\u00edctimas del conflicto armado en el pa\u00eds.<\/p>\n<p>\u201cSe hizo una priorizaci\u00f3n a trav\u00e9s de la unidad distrital de v\u00edctimas del departamento radicadas en Cartagena que atendieron al llamado y que fueron alrededor de 280 personas, 210 habitan en la ciudad y el resto en diferentes poblaciones de Bol\u00edvar. Estas personas ten\u00edan que estar en el registro \u00fanico de v\u00edctimas y ser mayores de edad\u201d, afirm\u00f3 Jaramillo.<\/p>\n<p>La entrega oficial se hizo en la Gobernaci\u00f3n de Bol\u00edvar a donde asistieron los beneficiarios, Ej\u00e9rcito, representantes del Gobierno Nacional, distrital y departamental.<\/p>\n","protected":false},"excerpt":{"rendered":"<p>Un total de 240 v\u00edctimas del conflicto armado recibieron gratis la tarde de este lunes su libreta militar gracias al trabajo mancomunado entre la Alcald\u00eda Mayor de Cartagena de Indias, la Unidad Nacional de Atenci\u00f3n de V\u00edctimas del Conflicto Armado, Ministerio de Defensa y el Ej\u00e9rcito Nacional. De los 240 beneficiarios, 210 est\u00e1n radicados en la capital de Bol\u00edvar. \u201cEste ha sido un proceso de acompa\u00f1amiento de la ruta de atenci\u00f3n por parte de la Unidad y recibo con mucha satisfacci\u00f3n mi libreta porque as\u00ed lo estipula la ley y&#8230; <\/p>\n","protected":false},"author":3,"featured_media":16771,"comment_status":"open","ping_status":"closed","sticky":false,"template":"","format":"standard","meta":{"footnotes":"","_links_to":"","_links_to_target":""},"categories":[32],"tags":[],"class_list":["post-16770","post","type-post","status-publish","format-standard","has-post-thumbnail","hentry","category-actualidad-distrito"],"_links":{"self":[{"href":"https:\/\/revistazetta.com\/index.php?rest_route=\/wp\/v2\/posts\/16770","targetHints":{"allow":["GET"]}}],"collection":[{"href":"https:\/\/revistazetta.com\/index.php?rest_route=\/wp\/v2\/posts"}],"about":[{"href":"https:\/\/revistazetta.com\/index.php?rest_route=\/wp\/v2\/types\/post"}],"author":[{"embeddable":true,"href":"https:\/\/revistazetta.com\/index.php?rest_route=\/wp\/v2\/users\/3"}],"replies":[{"embeddable":true,"href":"https:\/\/revistazetta.com\/index.php?rest_route=%2Fwp%2Fv2%2Fcomments&post=16770"}],"version-history":[{"count":0,"href":"https:\/\/revistazetta.com\/index.php?rest_route=\/wp\/v2\/posts\/16770\/revisions"}],"wp:featuredmedia":[{"embeddable":true,"href":"https:\/\/revistazetta.com\/index.php?rest_route=\/wp\/v2\/media\/16771"}],"wp:attachment":[{"href":"https:\/\/revistazetta.com\/index.php?rest_route=%2Fwp%2Fv2%2Fmedia&parent=16770"}],"wp:term":[{"taxonomy":"category","embeddable":true,"href":"https:\/\/revistazetta.com\/index.php?rest_route=%2Fwp%2Fv2%2Fcategories&post=16770"},{"taxonomy":"post_tag","embeddable":true,"href":"https:\/\/revistazetta.com\/index.php?rest_route=%2Fwp%2Fv2%2Ftags&post=16770"}],"curies":[{"name":"wp","href":"https:\/\/api.w.org\/{rel}","templated":true}]}}