{"id":16774,"date":"2016-10-11T05:41:54","date_gmt":"2016-10-11T10:41:54","guid":{"rendered":"http:\/\/www.revistazetta.com\/?p=16774"},"modified":"2016-10-11T05:47:04","modified_gmt":"2016-10-11T10:47:04","slug":"animalista-desea-la-muerte-nino-cancer-terminal","status":"publish","type":"post","link":"https:\/\/revistazetta.com\/?p=16774","title":{"rendered":"Animalista desea la muerte a ni\u00f1o con c\u00e1ncer terminal"},"content":{"rendered":"<p>Adri\u00e1n, un ni\u00f1o de 8 a\u00f1os que sufre Sarcoma de Ewing, se aferra a la vida\u00a0gracias a un sue\u00f1o: llegar a ser torero. Su historia no es diferente a la de otros ni\u00f1os que padecen c\u00e1ncer, excepto en que su pasi\u00f3n es\u00a0la tauromaquia y ha\u00a0recibido el\u00a0apoyo de\u00a0importantes diestros como El Soro, Ponce, Vicente Barrera, Rafaelillo, Gin\u00e9s Mar\u00edn, Rom\u00e1n y Fernando Beltr\u00e1n. Este s\u00e1bado han participado en la corrida ben\u00e9fica organizada por su padre y ha derivado en que algunas personas pongan en tela de juicio si una persona que defiende y apoya las corridas de toros \u2013sea cual fuere su edad\u2013 tiene el mismo derecho a vivir.<\/p>\n<p>Durante la celebraci\u00f3n del evento, cuyos beneficios se destinar\u00edan a la Fundaci\u00f3n de Oncohematolog\u00eda Infantil, Adri\u00e1n tuvo la oportunidad de formar parte del tradicional pase\u00edllo que sirvi\u00f3 como cierre para una multitudinaria cita que recibi\u00f3 duras cr\u00edticas de las voces antitaurinas. Algunas atacando directamente al menor.<\/p>\n<p>Adri\u00e1n estaba tan feliz con su homenaje de Valencia. Y probablemente siga feliz. A los ocho a\u00f1os no se tiene Twitter. O s\u00ed. Ya se pierde uno con la edad de acceso a las redes sociales de la infancia. Ser\u00eda deseable que no accedieran nunca. Como un s\u00edntoma de la enfermedad de Peter Pan. La que sufre Adri\u00e1n es un sarcoma de Ewing, \u00abun c\u00e1ncer de huesos devorani\u00f1os\u00bb. \u00daltimamente provocan m\u00e1s v\u00f3mitos algunos tuits que la quimio que azota el cuerpecito de Adri\u00e1n. Suelen provenir de los antitaurinos que aman a las vacas, a las aves, los peces y a los reptiles como a s\u00ed mismos. No es de extra\u00f1ar. Que sean ellos, digo. Para desearle a un ni\u00f1o enfermo de c\u00e1ncer la muerte hay que ser algo peor que una v\u00edbora: \u00abYo no voy a ser pol\u00edticamente correcta. Qu\u00e9 va. Que se muera, que se muera ya. Un ni\u00f1o enfermo que quiere curarse para matar herb\u00edvoros inocentes y sanos que tambi\u00e9n quieren vivir. Anda yaaaaa! Adri\u00e1n, vas a morir\u00bb.<\/p>\n<p>&nbsp;<\/p>\n","protected":false},"excerpt":{"rendered":"<p>Adri\u00e1n, un ni\u00f1o de 8 a\u00f1os que sufre Sarcoma de Ewing, se aferra a la vida\u00a0gracias a un sue\u00f1o: llegar a ser torero. Su historia no es diferente a la de otros ni\u00f1os que padecen c\u00e1ncer, excepto en que su pasi\u00f3n es\u00a0la tauromaquia y ha\u00a0recibido el\u00a0apoyo de\u00a0importantes diestros como El Soro, Ponce, Vicente Barrera, Rafaelillo, Gin\u00e9s Mar\u00edn, Rom\u00e1n y Fernando Beltr\u00e1n. Este s\u00e1bado han participado en la corrida ben\u00e9fica organizada por su padre y ha derivado en que algunas personas pongan en tela de juicio si una persona que defiende&#8230; <\/p>\n","protected":false},"author":3,"featured_media":16777,"comment_status":"open","ping_status":"closed","sticky":false,"template":"","format":"standard","meta":{"footnotes":"","_links_to":"","_links_to_target":""},"categories":[2,75,36],"tags":[184,115,185,93,72],"class_list":["post-16774","post","type-post","status-publish","format-standard","has-post-thumbnail","hentry","category-actualidad","category-destacada","category-actualidad-mundo","tag-animalista","tag-john-zamora","tag-ninos-con-cancer","tag-revista-zetta","tag-revistazetta"],"_links":{"self":[{"href":"https:\/\/revistazetta.com\/index.php?rest_route=\/wp\/v2\/posts\/16774","targetHints":{"allow":["GET"]}}],"collection":[{"href":"https:\/\/revistazetta.com\/index.php?rest_route=\/wp\/v2\/posts"}],"about":[{"href":"https:\/\/revistazetta.com\/index.php?rest_route=\/wp\/v2\/types\/post"}],"author":[{"embeddable":true,"href":"https:\/\/revistazetta.com\/index.php?rest_route=\/wp\/v2\/users\/3"}],"replies":[{"embeddable":true,"href":"https:\/\/revistazetta.com\/index.php?rest_route=%2Fwp%2Fv2%2Fcomments&post=16774"}],"version-history":[{"count":0,"href":"https:\/\/revistazetta.com\/index.php?rest_route=\/wp\/v2\/posts\/16774\/revisions"}],"wp:featuredmedia":[{"embeddable":true,"href":"https:\/\/revistazetta.com\/index.php?rest_route=\/wp\/v2\/media\/16777"}],"wp:attachment":[{"href":"https:\/\/revistazetta.com\/index.php?rest_route=%2Fwp%2Fv2%2Fmedia&parent=16774"}],"wp:term":[{"taxonomy":"category","embeddable":true,"href":"https:\/\/revistazetta.com\/index.php?rest_route=%2Fwp%2Fv2%2Fcategories&post=16774"},{"taxonomy":"post_tag","embeddable":true,"href":"https:\/\/revistazetta.com\/index.php?rest_route=%2Fwp%2Fv2%2Ftags&post=16774"}],"curies":[{"name":"wp","href":"https:\/\/api.w.org\/{rel}","templated":true}]}}