{"id":16780,"date":"2016-10-11T06:09:11","date_gmt":"2016-10-11T11:09:11","guid":{"rendered":"http:\/\/www.revistazetta.com\/?p=16780"},"modified":"2016-10-11T06:48:19","modified_gmt":"2016-10-11T11:48:19","slug":"ninos-tierrabomba-representan-cartagena-campeonato-surf-peru","status":"publish","type":"post","link":"https:\/\/revistazetta.com\/?p=16780","title":{"rendered":"Ni\u00f1os de Tierrabomba representan a Cartagena en campeonato de surf en Per\u00fa"},"content":{"rendered":"<p>La ilusi\u00f3n de demostrar de qu\u00e9 est\u00e1n hechos y hasta d\u00f3nde pueden llegar, la cumplen hoy Manuel, Robert, Leimer y Dania cuando participen en los Campeonatos Panamericanos de Surf en Per\u00fa.<\/p>\n<p>Del 10 al 16 de octubre estos cuatro jovencitos compiten por Colombia en este campeonato donde estar\u00e1n expertos de toda Latinoamerica. Un privilegio que tienen luego de posicionarse en el pa\u00eds como los mejores en el campo del surf.<\/p>\n<p> \u201cDesde el gobierno de Primero la Gente hemos cre\u00eddo que el deporte es una forma de construcci\u00f3n de paz y creo que estos procesos son los que realmente manifiestan la administraci\u00f3n del Alcalde. Desde el programa de Cooperaci\u00f3n Internacional, la Canciller\u00eda y el Ider hemos acompa\u00f1ado todo este proceso y qu\u00e9 bueno que los resultados se est\u00e9n viendo,  estos ni\u00f1os est\u00e1n confirmado que hay otras formas de sobresalir y otro modo de vida\u201d, precis\u00f3 Alejandra Velasco, asesora en Cooperaci\u00f3n Internacional del Distrito.<br \/>\n<img loading=\"lazy\" decoding=\"async\" src=\"https:\/\/www.revistazetta.com\/wp-content\/uploads\/2016\/10\/NTCS1-300x187.jpg\" alt=\"ntcs1\" width=\"300\" height=\"187\" class=\"alignright size-medium wp-image-16783\" srcset=\"https:\/\/revistazetta.com\/wp-content\/uploads\/2016\/10\/NTCS1-300x187.jpg 300w, https:\/\/revistazetta.com\/wp-content\/uploads\/2016\/10\/NTCS1-234x146.jpg 234w, https:\/\/revistazetta.com\/wp-content\/uploads\/2016\/10\/NTCS1-50x31.jpg 50w, https:\/\/revistazetta.com\/wp-content\/uploads\/2016\/10\/NTCS1-120x75.jpg 120w, https:\/\/revistazetta.com\/wp-content\/uploads\/2016\/10\/NTCS1.jpg 570w\" sizes=\"auto, (max-width: 300px) 100vw, 300px\" \/><\/p>\n<p><img loading=\"lazy\" decoding=\"async\" src=\"https:\/\/www.revistazetta.com\/wp-content\/uploads\/2016\/10\/NTCS-300x187.jpg\" alt=\"ntcs\" width=\"300\" height=\"187\" class=\"alignright size-medium wp-image-16782\" srcset=\"https:\/\/revistazetta.com\/wp-content\/uploads\/2016\/10\/NTCS-300x187.jpg 300w, https:\/\/revistazetta.com\/wp-content\/uploads\/2016\/10\/NTCS-234x146.jpg 234w, https:\/\/revistazetta.com\/wp-content\/uploads\/2016\/10\/NTCS-50x31.jpg 50w, https:\/\/revistazetta.com\/wp-content\/uploads\/2016\/10\/NTCS-120x75.jpg 120w, https:\/\/revistazetta.com\/wp-content\/uploads\/2016\/10\/NTCS.jpg 570w\" sizes=\"auto, (max-width: 300px) 100vw, 300px\" \/><\/p>\n<p>\u201cLas condiciones en Cartagena son diferentes que en Per\u00fa y estuvimos practicando con olas grandes  y tablas largas para estos Panamericanos. Ya esta es nuestra segunda participaci\u00f3n, pero esta vez s\u00ed van a competir. Los ni\u00f1os fueron escogidos  por sus capacidades deportivas, hemos tenido cuatro torneos nacionales y Manuel, Rober, Leimer y Dania han demostrado que son los mejores en su categor\u00edas, no hay nadie que les gane siempre suben al podio y han competido con deportistas del Pac\u00edfico, Barranquilla, Santa Marta, Tol\u00fa, Monter\u00eda y han demostrado que en Tierrabomba s\u00ed hay talento y estamos muy agradecidos con la Alcald\u00eda que siempre nos ha apoyado con los deportistas de ese corregimiento\u201d, dijo Pedro Salazar Escobar, presidente de la  fundaci\u00f3n Amigos del Mar donde practican diariamente.<\/p>\n","protected":false},"excerpt":{"rendered":"<p>La ilusi\u00f3n de demostrar de qu\u00e9 est\u00e1n hechos y hasta d\u00f3nde pueden llegar, la cumplen hoy Manuel, Robert, Leimer y Dania cuando participen en los Campeonatos Panamericanos de Surf en Per\u00fa. Del 10 al 16 de octubre estos cuatro jovencitos compiten por Colombia en este campeonato donde estar\u00e1n expertos de toda Latinoamerica. Un privilegio que tienen luego de posicionarse en el pa\u00eds como los mejores en el campo del surf. \u201cDesde el gobierno de Primero la Gente hemos cre\u00eddo que el deporte es una forma de construcci\u00f3n de paz y&#8230; <\/p>\n","protected":false},"author":3,"featured_media":16784,"comment_status":"open","ping_status":"closed","sticky":false,"template":"","format":"standard","meta":{"footnotes":"","_links_to":"","_links_to_target":""},"categories":[53,75,89],"tags":[],"class_list":["post-16780","post","type-post","status-publish","format-standard","has-post-thumbnail","hentry","category-deportes","category-destacada","category-ider"],"_links":{"self":[{"href":"https:\/\/revistazetta.com\/index.php?rest_route=\/wp\/v2\/posts\/16780","targetHints":{"allow":["GET"]}}],"collection":[{"href":"https:\/\/revistazetta.com\/index.php?rest_route=\/wp\/v2\/posts"}],"about":[{"href":"https:\/\/revistazetta.com\/index.php?rest_route=\/wp\/v2\/types\/post"}],"author":[{"embeddable":true,"href":"https:\/\/revistazetta.com\/index.php?rest_route=\/wp\/v2\/users\/3"}],"replies":[{"embeddable":true,"href":"https:\/\/revistazetta.com\/index.php?rest_route=%2Fwp%2Fv2%2Fcomments&post=16780"}],"version-history":[{"count":0,"href":"https:\/\/revistazetta.com\/index.php?rest_route=\/wp\/v2\/posts\/16780\/revisions"}],"wp:featuredmedia":[{"embeddable":true,"href":"https:\/\/revistazetta.com\/index.php?rest_route=\/wp\/v2\/media\/16784"}],"wp:attachment":[{"href":"https:\/\/revistazetta.com\/index.php?rest_route=%2Fwp%2Fv2%2Fmedia&parent=16780"}],"wp:term":[{"taxonomy":"category","embeddable":true,"href":"https:\/\/revistazetta.com\/index.php?rest_route=%2Fwp%2Fv2%2Fcategories&post=16780"},{"taxonomy":"post_tag","embeddable":true,"href":"https:\/\/revistazetta.com\/index.php?rest_route=%2Fwp%2Fv2%2Ftags&post=16780"}],"curies":[{"name":"wp","href":"https:\/\/api.w.org\/{rel}","templated":true}]}}