{"id":16785,"date":"2016-10-11T06:11:17","date_gmt":"2016-10-11T11:11:17","guid":{"rendered":"http:\/\/www.revistazetta.com\/?p=16785"},"modified":"2016-10-11T06:11:17","modified_gmt":"2016-10-11T11:11:17","slug":"ricaurte-sera-elegido-presidente-la-asamblea","status":"publish","type":"post","link":"https:\/\/revistazetta.com\/?p=16785","title":{"rendered":"Ricaurte ser\u00e1 elegido presidente de la Asamblea"},"content":{"rendered":"<p>Est\u00e1 lista la proposici\u00f3n que postula a Frank Ricaurte como pr\u00f3ximo presidente de la Asamblea Departamental. Y tambi\u00e9n las que candidatizan a Mario del Castillo como primer vicepresidente y Happy Becerra como segundo vicepresidente.<\/p>\n<p>Si los acuerdos se cumplen y no sucede nada extra\u00f1o, ese ser\u00e1 el resultado de la sesi\u00f3n de este martes en la Duma, cuyas sesiones ordinarias transcurren sin aspavientos.<\/p>\n<p>Los tres dignatarios son \u201cprim\u00edparos\u201d, es decir, es la primera vez que ocupan una curul en la Asamblea Departamental.<\/p>\n<p>Frank Ricaurte Sosa lleg\u00f3 con el aval del Partido de la U, pero sus votos son la herencia pol\u00edtica de su padre, Andr\u00e9s Ricaurte Armesto, que estuvo por m\u00e1s de 30 a\u00f1os all\u00ed sentado, pero a nombre del partido Liberal.<\/p>\n<p>Mario del Castillo pertenece a Centro Democr\u00e1tico, y su llegada a la Mesa Directiva es vista como un espacio para las minor\u00edas pol\u00edticas.<\/p>\n<p>Happy Becerra pertenece al partido Liberal, y milita en las toldas del senador Lidio Garc\u00eda Turbay.<\/p>\n<p>Los tres miembros de la Mesa Directiva gozan del aprecio del gobierno departamental.<\/p>\n<p>Ricaurte Sosa hizo f\u00e9rrea campa\u00f1a a favor de Yolanda Wong, la adversaria de Dumek Turbay, pero tras los comicios, pronto se ubic\u00f3 en la l\u00ednea gubernamental, y fue el presidente de la Comisi\u00f3n del Plan, donde se gan\u00f3 la confianza del gobernador de Bol\u00edvar en la elaboraci\u00f3n del Plan de Desarrollo \u201cBol\u00edvar S\u00ed Avanza\u201d.<\/p>\n","protected":false},"excerpt":{"rendered":"<p>Est\u00e1 lista la proposici\u00f3n que postula a Frank Ricaurte como pr\u00f3ximo presidente de la Asamblea Departamental. Y tambi\u00e9n las que candidatizan a Mario del Castillo como primer vicepresidente y Happy Becerra como segundo vicepresidente. Si los acuerdos se cumplen y no sucede nada extra\u00f1o, ese ser\u00e1 el resultado de la sesi\u00f3n de este martes en la Duma, cuyas sesiones ordinarias transcurren sin aspavientos. Los tres dignatarios son \u201cprim\u00edparos\u201d, es decir, es la primera vez que ocupan una curul en la Asamblea Departamental. Frank Ricaurte Sosa lleg\u00f3 con el aval del&#8230; <\/p>\n","protected":false},"author":3,"featured_media":16786,"comment_status":"open","ping_status":"closed","sticky":false,"template":"","format":"standard","meta":{"footnotes":"","_links_to":"","_links_to_target":""},"categories":[75,28,4],"tags":[],"class_list":["post-16785","post","type-post","status-publish","format-standard","has-post-thumbnail","hentry","category-destacada","category-politica-asamblea","category-politica"],"_links":{"self":[{"href":"https:\/\/revistazetta.com\/index.php?rest_route=\/wp\/v2\/posts\/16785","targetHints":{"allow":["GET"]}}],"collection":[{"href":"https:\/\/revistazetta.com\/index.php?rest_route=\/wp\/v2\/posts"}],"about":[{"href":"https:\/\/revistazetta.com\/index.php?rest_route=\/wp\/v2\/types\/post"}],"author":[{"embeddable":true,"href":"https:\/\/revistazetta.com\/index.php?rest_route=\/wp\/v2\/users\/3"}],"replies":[{"embeddable":true,"href":"https:\/\/revistazetta.com\/index.php?rest_route=%2Fwp%2Fv2%2Fcomments&post=16785"}],"version-history":[{"count":0,"href":"https:\/\/revistazetta.com\/index.php?rest_route=\/wp\/v2\/posts\/16785\/revisions"}],"wp:featuredmedia":[{"embeddable":true,"href":"https:\/\/revistazetta.com\/index.php?rest_route=\/wp\/v2\/media\/16786"}],"wp:attachment":[{"href":"https:\/\/revistazetta.com\/index.php?rest_route=%2Fwp%2Fv2%2Fmedia&parent=16785"}],"wp:term":[{"taxonomy":"category","embeddable":true,"href":"https:\/\/revistazetta.com\/index.php?rest_route=%2Fwp%2Fv2%2Fcategories&post=16785"},{"taxonomy":"post_tag","embeddable":true,"href":"https:\/\/revistazetta.com\/index.php?rest_route=%2Fwp%2Fv2%2Ftags&post=16785"}],"curies":[{"name":"wp","href":"https:\/\/api.w.org\/{rel}","templated":true}]}}