{"id":16790,"date":"2016-10-11T06:41:44","date_gmt":"2016-10-11T11:41:44","guid":{"rendered":"http:\/\/www.revistazetta.com\/?p=16790"},"modified":"2016-10-11T06:42:51","modified_gmt":"2016-10-11T11:42:51","slug":"top-10-las-canciones-pasado-la-historia-las-fiestas-independencia","status":"publish","type":"post","link":"https:\/\/revistazetta.com\/?p=16790","title":{"rendered":"Top 10 de las canciones que han pasado a la historia con las Fiestas de Independencia"},"content":{"rendered":"<p>Las Fiestas de la Independencia de Cartagena, a trav\u00e9s de los a\u00f1os han dejado canciones que calaron en la memoria de los cartageneros. Personajes como el locutor \u2018Mincho\u2019 Paternina, que ha dedicado su vida a analizar las piezas musicales.  Da un Top 10 de las canciones que han  pasado a la historia con las Fiestas:<\/p>\n<p>-Para los a\u00f1os 60 se encuentra a Pedro Laza y sus Pelayeros, quienes todav\u00eda ponen a bailar con sus canciones (1) \u201cPie Pel\u00fao\u201d y (2) \u201cEl Conejo\u201d, que para \u00e9l son \u201clos ritmos m\u00e1s alegres que jam\u00e1s se han escuchado\u201d.<\/p>\n<p>-Para la d\u00e9cada de los 70, Los Corraleros de Majagual con (3)\u201cLa Bonga\u201d y el Gran Calixto Ochoa con (4)\u201cLos Sabanales\u201d; son canciones que hoy en d\u00eda se escuchan en cada casa cartagenera sin necesidad de estar en el mes de noviembre.<br \/>\nAunque hubo muchos otros artistas que encantaron a los cartageneros en la d\u00e9cada de los 80, sin duda alguna estos a\u00f1os le pertenecieron a La Ni\u00f1a Emilia, con sus canciones (5) \u201cCoroncoro\u201d y (6) \u201cMambaco\u201d.<br \/>\n<img loading=\"lazy\" decoding=\"async\" src=\"https:\/\/www.revistazetta.com\/wp-content\/uploads\/2016\/10\/CFI3-300x187.jpg\" alt=\"cfi3\" width=\"300\" height=\"187\" class=\"alignright size-medium wp-image-16793\" srcset=\"https:\/\/revistazetta.com\/wp-content\/uploads\/2016\/10\/CFI3-300x187.jpg 300w, https:\/\/revistazetta.com\/wp-content\/uploads\/2016\/10\/CFI3-234x146.jpg 234w, https:\/\/revistazetta.com\/wp-content\/uploads\/2016\/10\/CFI3-50x31.jpg 50w, https:\/\/revistazetta.com\/wp-content\/uploads\/2016\/10\/CFI3-120x75.jpg 120w, https:\/\/revistazetta.com\/wp-content\/uploads\/2016\/10\/CFI3.jpg 570w\" sizes=\"auto, (max-width: 300px) 100vw, 300px\" \/><\/p>\n<p><img loading=\"lazy\" decoding=\"async\" src=\"https:\/\/www.revistazetta.com\/wp-content\/uploads\/2016\/10\/CFI1-300x187.jpg\" alt=\"cfi1\" width=\"300\" height=\"187\" class=\"alignright size-medium wp-image-16792\" srcset=\"https:\/\/revistazetta.com\/wp-content\/uploads\/2016\/10\/CFI1-300x187.jpg 300w, https:\/\/revistazetta.com\/wp-content\/uploads\/2016\/10\/CFI1-234x146.jpg 234w, https:\/\/revistazetta.com\/wp-content\/uploads\/2016\/10\/CFI1-50x31.jpg 50w, https:\/\/revistazetta.com\/wp-content\/uploads\/2016\/10\/CFI1-120x75.jpg 120w, https:\/\/revistazetta.com\/wp-content\/uploads\/2016\/10\/CFI1.jpg 570w\" sizes=\"auto, (max-width: 300px) 100vw, 300px\" \/><\/p>\n<p>-En los a\u00f1os 90 aparece el grupo musical Son Cartagena, quienes con (7)\u201cBuscapi\u00e9\u201d y (8)\u201cMartica\u201d lograron perdurar en  el tiempo; \u201ces una verdad no dicha, pero si vas a un bando y no \u201csuena buscapi\u00e9\u201d, estuviste en algo parecido pero no realmente en un bando de las fiestas de Cartagena\u201d, dice \u2018Mincho\u2019.<\/p>\n<p>-Para cerrar el Top 10, el locutor cita dos vallenatos, en las voces de Peter Manjares con (9)\u201cAmor de mi Sabana\u201d y Mart\u00edn Elias con (10) \u201cLa Gota\u201d, canciones que llegaron a Cartagena en un noviembre y se han quedado para pasar a la historia.<\/p>\n<p>\u2018Mincho\u2019 como fiel seguidor de la m\u00fasica y protagonista a\u00f1o tras a\u00f1o del fervor novembrino, concluye: \u201cLas Fiestas de la Independencia sin m\u00fasica novembrina, no son nada. Eso es como estar en a\u00f1o viejo y no escuchar <<Faltan 5 pa\u2019 las 12>>, la m\u00fasica en las Fiestas lo son todo.\u201d<\/p>\n","protected":false},"excerpt":{"rendered":"<p>Las Fiestas de la Independencia de Cartagena, a trav\u00e9s de los a\u00f1os han dejado canciones que calaron en la memoria de los cartageneros. Personajes como el locutor \u2018Mincho\u2019 Paternina, que ha dedicado su vida a analizar las piezas musicales. Da un Top 10 de las canciones que han pasado a la historia con las Fiestas: -Para los a\u00f1os 60 se encuentra a Pedro Laza y sus Pelayeros, quienes todav\u00eda ponen a bailar con sus canciones (1) \u201cPie Pel\u00fao\u201d y (2) \u201cEl Conejo\u201d, que para \u00e9l son \u201clos ritmos m\u00e1s alegres&#8230; <\/p>\n","protected":false},"author":3,"featured_media":16794,"comment_status":"open","ping_status":"closed","sticky":false,"template":"","format":"standard","meta":{"footnotes":"","_links_to":"","_links_to_target":""},"categories":[41],"tags":[],"class_list":["post-16790","post","type-post","status-publish","format-standard","has-post-thumbnail","hentry","category-cultura"],"_links":{"self":[{"href":"https:\/\/revistazetta.com\/index.php?rest_route=\/wp\/v2\/posts\/16790","targetHints":{"allow":["GET"]}}],"collection":[{"href":"https:\/\/revistazetta.com\/index.php?rest_route=\/wp\/v2\/posts"}],"about":[{"href":"https:\/\/revistazetta.com\/index.php?rest_route=\/wp\/v2\/types\/post"}],"author":[{"embeddable":true,"href":"https:\/\/revistazetta.com\/index.php?rest_route=\/wp\/v2\/users\/3"}],"replies":[{"embeddable":true,"href":"https:\/\/revistazetta.com\/index.php?rest_route=%2Fwp%2Fv2%2Fcomments&post=16790"}],"version-history":[{"count":0,"href":"https:\/\/revistazetta.com\/index.php?rest_route=\/wp\/v2\/posts\/16790\/revisions"}],"wp:featuredmedia":[{"embeddable":true,"href":"https:\/\/revistazetta.com\/index.php?rest_route=\/wp\/v2\/media\/16794"}],"wp:attachment":[{"href":"https:\/\/revistazetta.com\/index.php?rest_route=%2Fwp%2Fv2%2Fmedia&parent=16790"}],"wp:term":[{"taxonomy":"category","embeddable":true,"href":"https:\/\/revistazetta.com\/index.php?rest_route=%2Fwp%2Fv2%2Fcategories&post=16790"},{"taxonomy":"post_tag","embeddable":true,"href":"https:\/\/revistazetta.com\/index.php?rest_route=%2Fwp%2Fv2%2Ftags&post=16790"}],"curies":[{"name":"wp","href":"https:\/\/api.w.org\/{rel}","templated":true}]}}