{"id":16795,"date":"2016-10-11T07:14:08","date_gmt":"2016-10-11T12:14:08","guid":{"rendered":"http:\/\/www.revistazetta.com\/?p=16795"},"modified":"2016-10-11T07:17:03","modified_gmt":"2016-10-11T12:17:03","slug":"orbita-politica-john-zamora-martes-11-octubre","status":"publish","type":"post","link":"https:\/\/revistazetta.com\/?p=16795","title":{"rendered":"\u00d3rbita Pol\u00edtica de John Zamora &#8211; martes 11 de octubre"},"content":{"rendered":"<p><strong>Ponentes del presupuesto<\/strong><\/p>\n<p>El Concejo de Cartagena inici\u00f3 el estudio del presupuesto distrital para el a\u00f1o 2017, y nombr\u00f3 la comisi\u00f3n de ponentes, quedando coordinada por el mismo presidente Javier Curi, junto con Duvinia Torres, Ang\u00e9lica Hodeg, David D\u00e1ger y Vicente Blel.<\/p>\n<p>Tambi\u00e9n se designaron los ponentes para el proyecto de vigencias futuras: David Caballero como coordinador, con Edgar Mendoza y Carlos Barrios.<\/p>\n<p>Hay un proyecto de acuerdo que obedece a una orden judicial que ordena la creaci\u00f3n de un cargo en la Contralor\u00eda Distrital. Los ponentes son Rafael Meza, Lewis Montero y William P\u00e9rez.<\/p>\n<p>&nbsp;<\/p>\n<p>&nbsp;<\/p>\n<p><strong>Ra\u00fal Eduardo Vargas con Manolo<\/strong><\/p>\n<p>Ra\u00fal Eduardo Vargas V\u00e9lez es administrador de empresas con especializaci\u00f3n en gerencia de proyectos y maestr\u00eda en administraci\u00f3n de empresas, dedicado al sector de la educaci\u00f3n. Desde el viernes pasado comenz\u00f3 a trabajar como Asesor del Despacho del alcalde Manolo Duque.<\/p>\n<p>&nbsp;<\/p>\n<p>&nbsp;<\/p>\n<p><strong>En defensa de Bonga Park<\/strong><\/p>\n<p>Por largos a\u00f1os, el \u00fanico espacio deportivo de Crespo ha sido el Bonga Park, que ahora es pretendido por la Aeron\u00e1utica Civil para ampliar el aeropuerto Rafael N\u00fa\u00f1ez.<\/p>\n<p>El pasado fin de semana, el concejal David Caballero fue a jugar un partido de f\u00fatbol de veteranos, y lo esperaron en masa, cual James Rodr\u00edguez, no tanto por su habilidad con el bal\u00f3n sino para plantearle esta preocupaci\u00f3n. Caballero traslad\u00f3 sus preocupaciones a la plenaria del Concejo, donde se est\u00e1 organizando un debate sobre este tema, al que se espera asista el director de la AA, Alfredo Bocanegra, as\u00ed como Sacsa, ANI, entre otras entidades. Todav\u00eda no hay fecha, pero la posici\u00f3n mayoritaria es la defensa de este espacio para la comunidad.<\/p>\n<p>&nbsp;<\/p>\n","protected":false},"excerpt":{"rendered":"<p>Ponentes del presupuesto El Concejo de Cartagena inici\u00f3 el estudio del presupuesto distrital para el a\u00f1o 2017, y nombr\u00f3 la comisi\u00f3n de ponentes, quedando coordinada por el mismo presidente Javier Curi, junto con Duvinia Torres, Ang\u00e9lica Hodeg, David D\u00e1ger y Vicente Blel. Tambi\u00e9n se designaron los ponentes para el proyecto de vigencias futuras: David Caballero como coordinador, con Edgar Mendoza y Carlos Barrios. Hay un proyecto de acuerdo que obedece a una orden judicial que ordena la creaci\u00f3n de un cargo en la Contralor\u00eda Distrital. Los ponentes son Rafael Meza,&#8230; <\/p>\n","protected":false},"author":3,"featured_media":16797,"comment_status":"open","ping_status":"closed","sticky":false,"template":"","format":"standard","meta":{"footnotes":"","_links_to":"","_links_to_target":""},"categories":[75,47,44,45],"tags":[],"class_list":["post-16795","post","type-post","status-publish","format-standard","has-post-thumbnail","hentry","category-destacada","category-john-zamora","category-materiagris","category-orbita"],"_links":{"self":[{"href":"https:\/\/revistazetta.com\/index.php?rest_route=\/wp\/v2\/posts\/16795","targetHints":{"allow":["GET"]}}],"collection":[{"href":"https:\/\/revistazetta.com\/index.php?rest_route=\/wp\/v2\/posts"}],"about":[{"href":"https:\/\/revistazetta.com\/index.php?rest_route=\/wp\/v2\/types\/post"}],"author":[{"embeddable":true,"href":"https:\/\/revistazetta.com\/index.php?rest_route=\/wp\/v2\/users\/3"}],"replies":[{"embeddable":true,"href":"https:\/\/revistazetta.com\/index.php?rest_route=%2Fwp%2Fv2%2Fcomments&post=16795"}],"version-history":[{"count":0,"href":"https:\/\/revistazetta.com\/index.php?rest_route=\/wp\/v2\/posts\/16795\/revisions"}],"wp:featuredmedia":[{"embeddable":true,"href":"https:\/\/revistazetta.com\/index.php?rest_route=\/wp\/v2\/media\/16797"}],"wp:attachment":[{"href":"https:\/\/revistazetta.com\/index.php?rest_route=%2Fwp%2Fv2%2Fmedia&parent=16795"}],"wp:term":[{"taxonomy":"category","embeddable":true,"href":"https:\/\/revistazetta.com\/index.php?rest_route=%2Fwp%2Fv2%2Fcategories&post=16795"},{"taxonomy":"post_tag","embeddable":true,"href":"https:\/\/revistazetta.com\/index.php?rest_route=%2Fwp%2Fv2%2Ftags&post=16795"}],"curies":[{"name":"wp","href":"https:\/\/api.w.org\/{rel}","templated":true}]}}