{"id":16847,"date":"2016-10-13T16:10:17","date_gmt":"2016-10-13T21:10:17","guid":{"rendered":"http:\/\/www.revistazetta.com\/?p=16847"},"modified":"2016-10-13T16:10:17","modified_gmt":"2016-10-13T21:10:17","slug":"gobernador-bolivar-comprometido-municipios-margarita-san-fernando","status":"publish","type":"post","link":"https:\/\/revistazetta.com\/?p=16847","title":{"rendered":"Gobernador de Bol\u00edvar comprometido con municipios de Margarita y San Fernando"},"content":{"rendered":"<p>Durante su recorrido de la depresi\u00f3n Momposina, el gobernador, Dumek Turbay, estuvo en el municipio de Margarita,  donde adelant\u00f3 un  encuentro con el alcalde local, Germ\u00e1n Montes, secretarios de gobierno y habitantes de la comunidad.<\/p>\n<p>Los compromisos puntuales que se acordaron a partir del cuadro de necesidades para el municipio de Margarita fueron: en materia de educaci\u00f3n, el gobierno departamental se comprometi\u00f3 a  intervenir con importantes apoyos los 4 colegios del municipio en materia de infraestructura, nuevas tecnolog\u00edas, bater\u00edas sanitarias y capacitaci\u00f3n docente para los 2.346 j\u00f3venes que conforman la poblaci\u00f3n estudiantil. <\/p>\n<p>Tambi\u00e9n, en materia de agua, aseo y alcantarillado Turbay Paz se comprometi\u00f3 a revisar toda la infraestructura para fortalecer el servicio p\u00fablico a trav\u00e9s de acciones inmediatas. \u201cBuscamos que todos los servicios sean cada vez m\u00e1s eficientes\u201d, expres\u00f3 Dumek Turbay.<br \/>\n<img loading=\"lazy\" decoding=\"async\" src=\"https:\/\/www.revistazetta.com\/wp-content\/uploads\/2016\/10\/GSM1-300x187.jpg\" alt=\"gsm1\" width=\"300\" height=\"187\" class=\"alignright size-medium wp-image-16849\" srcset=\"https:\/\/revistazetta.com\/wp-content\/uploads\/2016\/10\/GSM1-300x187.jpg 300w, https:\/\/revistazetta.com\/wp-content\/uploads\/2016\/10\/GSM1-234x146.jpg 234w, https:\/\/revistazetta.com\/wp-content\/uploads\/2016\/10\/GSM1-50x31.jpg 50w, https:\/\/revistazetta.com\/wp-content\/uploads\/2016\/10\/GSM1-120x75.jpg 120w, https:\/\/revistazetta.com\/wp-content\/uploads\/2016\/10\/GSM1.jpg 570w\" sizes=\"auto, (max-width: 300px) 100vw, 300px\" \/><\/p>\n<p><img loading=\"lazy\" decoding=\"async\" src=\"https:\/\/www.revistazetta.com\/wp-content\/uploads\/2016\/10\/GSM2-300x187.jpg\" alt=\"gsm2\" width=\"300\" height=\"187\" class=\"alignright size-medium wp-image-16850\" srcset=\"https:\/\/revistazetta.com\/wp-content\/uploads\/2016\/10\/GSM2-300x187.jpg 300w, https:\/\/revistazetta.com\/wp-content\/uploads\/2016\/10\/GSM2-234x146.jpg 234w, https:\/\/revistazetta.com\/wp-content\/uploads\/2016\/10\/GSM2-50x31.jpg 50w, https:\/\/revistazetta.com\/wp-content\/uploads\/2016\/10\/GSM2-120x75.jpg 120w, https:\/\/revistazetta.com\/wp-content\/uploads\/2016\/10\/GSM2.jpg 570w\" sizes=\"auto, (max-width: 300px) 100vw, 300px\" \/><\/p>\n<p><img loading=\"lazy\" decoding=\"async\" src=\"https:\/\/www.revistazetta.com\/wp-content\/uploads\/2016\/10\/GSM3-300x187.jpg\" alt=\"gsm3\" width=\"300\" height=\"187\" class=\"alignright size-medium wp-image-16851\" srcset=\"https:\/\/revistazetta.com\/wp-content\/uploads\/2016\/10\/GSM3-300x187.jpg 300w, https:\/\/revistazetta.com\/wp-content\/uploads\/2016\/10\/GSM3-234x146.jpg 234w, https:\/\/revistazetta.com\/wp-content\/uploads\/2016\/10\/GSM3-50x31.jpg 50w, https:\/\/revistazetta.com\/wp-content\/uploads\/2016\/10\/GSM3-120x75.jpg 120w, https:\/\/revistazetta.com\/wp-content\/uploads\/2016\/10\/GSM3.jpg 570w\" sizes=\"auto, (max-width: 300px) 100vw, 300px\" \/><\/p>\n<p>En lo que tiene que ver con infraestructura tambi\u00e9n se anunci\u00f3 una intervenci\u00f3n para las v\u00edas. La Secretar\u00eda de Infraestructura empezar\u00e1 con la pavimentaci\u00f3n de la entrada principal del municipio. Adem\u00e1s se anunciaron apoyos para la pavimentaci\u00f3n de los 45 km de v\u00edas que van desde la cabecera municipal hasta el corregimiento de Causado.<\/p>\n<p>En lo referente al deporte el gobierno departamental acord\u00f3 remodelar las 9 canchas con las que cuenta el municipio. Iderbol adelanta en estos momentos un parque infantil y de recreaci\u00f3n por valor de $600 millones.<\/p>\n<p>En materia de seguridad se acordaron soluciones a algunas problem\u00e1ticas de orden social, como refuerzos del pie de fuerza, una atenci\u00f3n integral a v\u00edctimas, adem\u00e1s de dos motos para la polic\u00eda local.<br \/>\n\u201cLa din\u00e1mica es que todos los alcaldes y sus secretarios nos planteen sus problem\u00e1ticas y as\u00ed consolidar soluciones integrales. Ustedes y nosotros somos un solo equipo\u201d, Expres\u00f3 Turbay.<\/p>\n<p> Durante la jornada de trabajo en el municipio de San Fernando se generaron nuevos compromisos en educaci\u00f3n, salud, agua potable, deporte y cultura.<\/p>\n<p>El mandatario acord\u00f3 una entrega de 2.400 sillas para todas las escuelas p\u00fablicas del municipio y sus corregimientos.    <\/p>\n<p>\u201cEn salud nos comprometemos a dotar los hospitales y donar una ambulancia acu\u00e1tica para el traslado de los pacientes que as\u00ed lo requieran. En agua potable se destinar\u00e1n $3.500 millones para que el acueducto quede en un 100% de su funcionamiento\u201d, concluy\u00f3 Turbay.<\/p>\n","protected":false},"excerpt":{"rendered":"<p>Durante su recorrido de la depresi\u00f3n Momposina, el gobernador, Dumek Turbay, estuvo en el municipio de Margarita, donde adelant\u00f3 un encuentro con el alcalde local, Germ\u00e1n Montes, secretarios de gobierno y habitantes de la comunidad. Los compromisos puntuales que se acordaron a partir del cuadro de necesidades para el municipio de Margarita fueron: en materia de educaci\u00f3n, el gobierno departamental se comprometi\u00f3 a intervenir con importantes apoyos los 4 colegios del municipio en materia de infraestructura, nuevas tecnolog\u00edas, bater\u00edas sanitarias y capacitaci\u00f3n docente para los 2.346 j\u00f3venes que conforman la&#8230; <\/p>\n","protected":false},"author":3,"featured_media":16848,"comment_status":"open","ping_status":"closed","sticky":false,"template":"","format":"standard","meta":{"footnotes":"","_links_to":"","_links_to_target":""},"categories":[33],"tags":[],"class_list":["post-16847","post","type-post","status-publish","format-standard","has-post-thumbnail","hentry","category-actualidad-bolivar"],"_links":{"self":[{"href":"https:\/\/revistazetta.com\/index.php?rest_route=\/wp\/v2\/posts\/16847","targetHints":{"allow":["GET"]}}],"collection":[{"href":"https:\/\/revistazetta.com\/index.php?rest_route=\/wp\/v2\/posts"}],"about":[{"href":"https:\/\/revistazetta.com\/index.php?rest_route=\/wp\/v2\/types\/post"}],"author":[{"embeddable":true,"href":"https:\/\/revistazetta.com\/index.php?rest_route=\/wp\/v2\/users\/3"}],"replies":[{"embeddable":true,"href":"https:\/\/revistazetta.com\/index.php?rest_route=%2Fwp%2Fv2%2Fcomments&post=16847"}],"version-history":[{"count":0,"href":"https:\/\/revistazetta.com\/index.php?rest_route=\/wp\/v2\/posts\/16847\/revisions"}],"wp:featuredmedia":[{"embeddable":true,"href":"https:\/\/revistazetta.com\/index.php?rest_route=\/wp\/v2\/media\/16848"}],"wp:attachment":[{"href":"https:\/\/revistazetta.com\/index.php?rest_route=%2Fwp%2Fv2%2Fmedia&parent=16847"}],"wp:term":[{"taxonomy":"category","embeddable":true,"href":"https:\/\/revistazetta.com\/index.php?rest_route=%2Fwp%2Fv2%2Fcategories&post=16847"},{"taxonomy":"post_tag","embeddable":true,"href":"https:\/\/revistazetta.com\/index.php?rest_route=%2Fwp%2Fv2%2Ftags&post=16847"}],"curies":[{"name":"wp","href":"https:\/\/api.w.org\/{rel}","templated":true}]}}