{"id":16855,"date":"2016-10-13T17:36:37","date_gmt":"2016-10-13T22:36:37","guid":{"rendered":"http:\/\/www.revistazetta.com\/?p=16855"},"modified":"2016-10-13T17:36:37","modified_gmt":"2016-10-13T22:36:37","slug":"comienza-entrega-viviendas-damnificados-la-ola-invernal-cicuco","status":"publish","type":"post","link":"https:\/\/revistazetta.com\/?p=16855","title":{"rendered":"Comienza entrega de viviendas a damnificados por la ola invernal en Cicuco"},"content":{"rendered":"<p>En Mompox, se reunieron el gobernador Dumek Turbay; el director nacional del Fondo de Adaptaci\u00f3n Iv\u00e1n Mustaf\u00e1; la alcaldesa de Mompox Nubia Quevedo y el alcalde de Cicuco, Alberto Villoria.<br \/>\n<img loading=\"lazy\" decoding=\"async\" src=\"https:\/\/www.revistazetta.com\/wp-content\/uploads\/2016\/10\/VMC1-300x187.jpg\" alt=\"vmc1\" width=\"300\" height=\"187\" class=\"alignright size-medium wp-image-16858\" srcset=\"https:\/\/revistazetta.com\/wp-content\/uploads\/2016\/10\/VMC1-300x187.jpg 300w, https:\/\/revistazetta.com\/wp-content\/uploads\/2016\/10\/VMC1-234x146.jpg 234w, https:\/\/revistazetta.com\/wp-content\/uploads\/2016\/10\/VMC1-50x31.jpg 50w, https:\/\/revistazetta.com\/wp-content\/uploads\/2016\/10\/VMC1-120x75.jpg 120w, https:\/\/revistazetta.com\/wp-content\/uploads\/2016\/10\/VMC1.jpg 570w\" sizes=\"auto, (max-width: 300px) 100vw, 300px\" \/><\/p>\n<p><img loading=\"lazy\" decoding=\"async\" src=\"https:\/\/www.revistazetta.com\/wp-content\/uploads\/2016\/10\/VMC-300x187.jpg\" alt=\"vmc\" width=\"300\" height=\"187\" class=\"alignright size-medium wp-image-16857\" srcset=\"https:\/\/revistazetta.com\/wp-content\/uploads\/2016\/10\/VMC-300x187.jpg 300w, https:\/\/revistazetta.com\/wp-content\/uploads\/2016\/10\/VMC-234x146.jpg 234w, https:\/\/revistazetta.com\/wp-content\/uploads\/2016\/10\/VMC-50x31.jpg 50w, https:\/\/revistazetta.com\/wp-content\/uploads\/2016\/10\/VMC-120x75.jpg 120w, https:\/\/revistazetta.com\/wp-content\/uploads\/2016\/10\/VMC.jpg 570w\" sizes=\"auto, (max-width: 300px) 100vw, 300px\" \/><\/p>\n<p><img loading=\"lazy\" decoding=\"async\" src=\"https:\/\/www.revistazetta.com\/wp-content\/uploads\/2016\/10\/VMC3-300x187.jpg\" alt=\"vmc3\" width=\"300\" height=\"187\" class=\"alignright size-medium wp-image-16859\" srcset=\"https:\/\/revistazetta.com\/wp-content\/uploads\/2016\/10\/VMC3-300x187.jpg 300w, https:\/\/revistazetta.com\/wp-content\/uploads\/2016\/10\/VMC3-234x146.jpg 234w, https:\/\/revistazetta.com\/wp-content\/uploads\/2016\/10\/VMC3-50x31.jpg 50w, https:\/\/revistazetta.com\/wp-content\/uploads\/2016\/10\/VMC3-120x75.jpg 120w, https:\/\/revistazetta.com\/wp-content\/uploads\/2016\/10\/VMC3.jpg 570w\" sizes=\"auto, (max-width: 300px) 100vw, 300px\" \/><br \/>\nEn el marco de esta reuni\u00f3n se realiz\u00f3 la entrega de las llaves a los tres primeros propietarios que representan a los casi 1.000 damnificados por la ola invernal, entrega que tuvo lugar en el municipio de Cicuco, donde ya tienen su propia vivienda en la ciudadela de Villa Torres. M\u00e1s de 4.500 personas de escasos recursos, se beneficiar\u00e1n gracias al Gobierno Nacional y al Fondo de Adaptaci\u00f3n.<\/p>\n<p> \u201cEn este momento podemos ser testigos de un momento de felicidad que viven estas 80 familias, que ser\u00e1n las primeras en recibir esta importante entrega de sus viviendas, despu\u00e9s de haber vivido el asedio de la ola invernal. Hoy despu\u00e9s de un a\u00f1o podemos estar aqu\u00ed compartiendo este momento que so\u00f1aron\u201d, asever\u00f3 el Gobernador de Bol\u00edvar.<\/p>\n<p> \u201cEn vivienda invertimos m\u00e1s de $ 44.100 millones, en 1.302 soluciones de viviendas que benefician a m\u00e1s de 5.850 personas; mientras que en educaci\u00f3n tenemos un proyecto de construcci\u00f3n y dotamos de un colegio con 2 sedes y 26 aulas por m\u00e1s de 9.900 millones que va a beneficiar a m\u00e1s de 780 ni\u00f1os\u201d, se\u00f1al\u00f3 Iv\u00e1n Mustaf\u00e1.<\/p>\n","protected":false},"excerpt":{"rendered":"<p>En Mompox, se reunieron el gobernador Dumek Turbay; el director nacional del Fondo de Adaptaci\u00f3n Iv\u00e1n Mustaf\u00e1; la alcaldesa de Mompox Nubia Quevedo y el alcalde de Cicuco, Alberto Villoria. En el marco de esta reuni\u00f3n se realiz\u00f3 la entrega de las llaves a los tres primeros propietarios que representan a los casi 1.000 damnificados por la ola invernal, entrega que tuvo lugar en el municipio de Cicuco, donde ya tienen su propia vivienda en la ciudadela de Villa Torres. M\u00e1s de 4.500 personas de escasos recursos, se beneficiar\u00e1n gracias&#8230; <\/p>\n","protected":false},"author":3,"featured_media":16856,"comment_status":"open","ping_status":"closed","sticky":false,"template":"","format":"standard","meta":{"footnotes":"","_links_to":"","_links_to_target":""},"categories":[33],"tags":[],"class_list":["post-16855","post","type-post","status-publish","format-standard","has-post-thumbnail","hentry","category-actualidad-bolivar"],"_links":{"self":[{"href":"https:\/\/revistazetta.com\/index.php?rest_route=\/wp\/v2\/posts\/16855","targetHints":{"allow":["GET"]}}],"collection":[{"href":"https:\/\/revistazetta.com\/index.php?rest_route=\/wp\/v2\/posts"}],"about":[{"href":"https:\/\/revistazetta.com\/index.php?rest_route=\/wp\/v2\/types\/post"}],"author":[{"embeddable":true,"href":"https:\/\/revistazetta.com\/index.php?rest_route=\/wp\/v2\/users\/3"}],"replies":[{"embeddable":true,"href":"https:\/\/revistazetta.com\/index.php?rest_route=%2Fwp%2Fv2%2Fcomments&post=16855"}],"version-history":[{"count":0,"href":"https:\/\/revistazetta.com\/index.php?rest_route=\/wp\/v2\/posts\/16855\/revisions"}],"wp:featuredmedia":[{"embeddable":true,"href":"https:\/\/revistazetta.com\/index.php?rest_route=\/wp\/v2\/media\/16856"}],"wp:attachment":[{"href":"https:\/\/revistazetta.com\/index.php?rest_route=%2Fwp%2Fv2%2Fmedia&parent=16855"}],"wp:term":[{"taxonomy":"category","embeddable":true,"href":"https:\/\/revistazetta.com\/index.php?rest_route=%2Fwp%2Fv2%2Fcategories&post=16855"},{"taxonomy":"post_tag","embeddable":true,"href":"https:\/\/revistazetta.com\/index.php?rest_route=%2Fwp%2Fv2%2Ftags&post=16855"}],"curies":[{"name":"wp","href":"https:\/\/api.w.org\/{rel}","templated":true}]}}