{"id":16860,"date":"2016-10-14T07:46:59","date_gmt":"2016-10-14T12:46:59","guid":{"rendered":"http:\/\/www.revistazetta.com\/?p=16860"},"modified":"2016-10-14T07:46:59","modified_gmt":"2016-10-14T12:46:59","slug":"manolo-las-fiestas-van","status":"publish","type":"post","link":"https:\/\/revistazetta.com\/?p=16860","title":{"rendered":"Manolo: \u00a1Las fiestas van!"},"content":{"rendered":"<p><img loading=\"lazy\" decoding=\"async\" class=\"size-medium wp-image-16864 alignright\" src=\"https:\/\/www.revistazetta.com\/wp-content\/uploads\/2016\/10\/Fiestas-Manolo-1-300x188.jpg\" alt=\"fiestas-manolo-1\" width=\"300\" height=\"188\" srcset=\"https:\/\/revistazetta.com\/wp-content\/uploads\/2016\/10\/Fiestas-Manolo-1-300x188.jpg 300w, https:\/\/revistazetta.com\/wp-content\/uploads\/2016\/10\/Fiestas-Manolo-1-234x146.jpg 234w, https:\/\/revistazetta.com\/wp-content\/uploads\/2016\/10\/Fiestas-Manolo-1-50x31.jpg 50w, https:\/\/revistazetta.com\/wp-content\/uploads\/2016\/10\/Fiestas-Manolo-1-120x75.jpg 120w, https:\/\/revistazetta.com\/wp-content\/uploads\/2016\/10\/Fiestas-Manolo-1.jpg 576w\" sizes=\"auto, (max-width: 300px) 100vw, 300px\" \/>El alcalde mayor de Cartagena, Manolo Duque, anunci\u00f3 que las Fiestas de Independencia en la temporada del a\u00f1o 2016 se realizar\u00e1n en su programaci\u00f3n habitual y que los cambios presentados por el Concurso Nacional de Belleza, no afectar\u00e1n la oferta cultural de las festividades.<\/p>\n<p>\u00abLas Fiestas de Independencia van, no tiene reversa. Son patrimonio de la ciudad de Cartagena y nosotros seguimos adelante con todo nuestro camino. Nos duele lo que ha pasado con el Concurso Nacional de Belleza porque hace parte de nuestro ADN, pero finalmente es una oportunidad para que las fiestas tomen su espacio y se posicionen a nivel nacional\u201d, afirm\u00f3 el mandatario.<\/p>\n<p>As\u00ed mismo, dijo que las Fiestas de la Independencia est\u00e1n en el coraz\u00f3n de los ciudadanos, e invit\u00f3 a los residentes a participar activamente en la programaci\u00f3n.<\/p>\n<p><img loading=\"lazy\" decoding=\"async\" class=\"size-medium wp-image-16862 alignleft\" src=\"https:\/\/www.revistazetta.com\/wp-content\/uploads\/2016\/10\/Fiestas-Berta-4-300x188.jpg\" alt=\"fiestas-berta-4\" width=\"300\" height=\"188\" srcset=\"https:\/\/revistazetta.com\/wp-content\/uploads\/2016\/10\/Fiestas-Berta-4-300x188.jpg 300w, https:\/\/revistazetta.com\/wp-content\/uploads\/2016\/10\/Fiestas-Berta-4-234x146.jpg 234w, https:\/\/revistazetta.com\/wp-content\/uploads\/2016\/10\/Fiestas-Berta-4-50x31.jpg 50w, https:\/\/revistazetta.com\/wp-content\/uploads\/2016\/10\/Fiestas-Berta-4-120x75.jpg 120w, https:\/\/revistazetta.com\/wp-content\/uploads\/2016\/10\/Fiestas-Berta-4.jpg 576w\" sizes=\"auto, (max-width: 300px) 100vw, 300px\" \/>Por su parte, Bertha Luc\u00eda Arnedo, directora del IPCC, se\u00f1al\u00f3 que el Distrito viene trabajando desde principio de a\u00f1o para garantizar el \u00e9xito de las fiestas y darle la magnitud que merecen. \u201cDesde el 1 de febrero se ha venido trabajando para darle el realce a las fiestas que ellas se merecen. Hemos trabajado con el gremio hotelero y tenemos un buen paquete para la ruta de la independencia\u201d.<\/p>\n<p>Todo el valor hist\u00f3rico y cultural de las Fiestas de Independencia es prioritario y maneja un presupuesto distinto al Concurso Nacional de Belleza, por ello el gobierno de Primero La Gente, ha avanzado con lo establecido dentro del presupuesto y se encuentra preparado para brindarle a los cartageneros y turistas una variada y amena oferta cultural.<\/p>\n<p>En t\u00e9rminos log\u00edsticos se replantear\u00e1n algunas actividades, las cuales se compartir\u00e1n en los pr\u00f3ximos d\u00edas, a trav\u00e9s de una estrategia pedag\u00f3gica. Sin embargo, la programaci\u00f3n establecida para este viernes 14 de octubre, se llevar\u00e1 a cabo como se ten\u00eda previsto el Preludio de la Localidad 1, en la cancha del Barrio Canapote.<\/p>\n<p>Por su parte el Concejo Distrital, a trav\u00e9s del presidente de la Corporaci\u00f3n, Javier Cur\u00ed, manifest\u00f3 su respaldo no solo ante esta situaci\u00f3n, sino en todo el proyecto de las Fiestas de Independencia que el Alcalde Mayor trace durante los cuatro a\u00f1os de su gobierno.<\/p>\n<div id=\"attachment_16863\" style=\"width: 310px\" class=\"wp-caption alignnone\"><img loading=\"lazy\" decoding=\"async\" aria-describedby=\"caption-attachment-16863\" class=\"wp-image-16863 size-medium\" src=\"https:\/\/www.revistazetta.com\/wp-content\/uploads\/2016\/10\/Fiestas-Curi-1-300x188.jpg\" alt=\"fiestas-curi-1\" width=\"300\" height=\"188\" srcset=\"https:\/\/revistazetta.com\/wp-content\/uploads\/2016\/10\/Fiestas-Curi-1-300x188.jpg 300w, https:\/\/revistazetta.com\/wp-content\/uploads\/2016\/10\/Fiestas-Curi-1-234x146.jpg 234w, https:\/\/revistazetta.com\/wp-content\/uploads\/2016\/10\/Fiestas-Curi-1-50x31.jpg 50w, https:\/\/revistazetta.com\/wp-content\/uploads\/2016\/10\/Fiestas-Curi-1-120x75.jpg 120w, https:\/\/revistazetta.com\/wp-content\/uploads\/2016\/10\/Fiestas-Curi-1.jpg 576w\" sizes=\"auto, (max-width: 300px) 100vw, 300px\" \/><p id=\"caption-attachment-16863\" class=\"wp-caption-text\">El presidente del Concejo, Javier Curi, manifest\u00f3 todo el respaldo de la entidad a las medidas del alcalde Manolo Duque para la realizaci\u00f3n de las Fiestas de la Independencia.<\/p><\/div>\n<p>&nbsp;<\/p>\n<p>&nbsp;<\/p>\n","protected":false},"excerpt":{"rendered":"<p>El alcalde mayor de Cartagena, Manolo Duque, anunci\u00f3 que las Fiestas de Independencia en la temporada del a\u00f1o 2016 se realizar\u00e1n en su programaci\u00f3n habitual y que los cambios presentados por el Concurso Nacional de Belleza, no afectar\u00e1n la oferta cultural de las festividades. \u00abLas Fiestas de Independencia van, no tiene reversa. Son patrimonio de la ciudad de Cartagena y nosotros seguimos adelante con todo nuestro camino. Nos duele lo que ha pasado con el Concurso Nacional de Belleza porque hace parte de nuestro ADN, pero finalmente es una oportunidad&#8230; <\/p>\n","protected":false},"author":3,"featured_media":16861,"comment_status":"open","ping_status":"closed","sticky":false,"template":"","format":"standard","meta":{"footnotes":"","_links_to":"","_links_to_target":""},"categories":[75,41],"tags":[],"class_list":["post-16860","post","type-post","status-publish","format-standard","has-post-thumbnail","hentry","category-destacada","category-cultura"],"_links":{"self":[{"href":"https:\/\/revistazetta.com\/index.php?rest_route=\/wp\/v2\/posts\/16860","targetHints":{"allow":["GET"]}}],"collection":[{"href":"https:\/\/revistazetta.com\/index.php?rest_route=\/wp\/v2\/posts"}],"about":[{"href":"https:\/\/revistazetta.com\/index.php?rest_route=\/wp\/v2\/types\/post"}],"author":[{"embeddable":true,"href":"https:\/\/revistazetta.com\/index.php?rest_route=\/wp\/v2\/users\/3"}],"replies":[{"embeddable":true,"href":"https:\/\/revistazetta.com\/index.php?rest_route=%2Fwp%2Fv2%2Fcomments&post=16860"}],"version-history":[{"count":0,"href":"https:\/\/revistazetta.com\/index.php?rest_route=\/wp\/v2\/posts\/16860\/revisions"}],"wp:featuredmedia":[{"embeddable":true,"href":"https:\/\/revistazetta.com\/index.php?rest_route=\/wp\/v2\/media\/16861"}],"wp:attachment":[{"href":"https:\/\/revistazetta.com\/index.php?rest_route=%2Fwp%2Fv2%2Fmedia&parent=16860"}],"wp:term":[{"taxonomy":"category","embeddable":true,"href":"https:\/\/revistazetta.com\/index.php?rest_route=%2Fwp%2Fv2%2Fcategories&post=16860"},{"taxonomy":"post_tag","embeddable":true,"href":"https:\/\/revistazetta.com\/index.php?rest_route=%2Fwp%2Fv2%2Ftags&post=16860"}],"curies":[{"name":"wp","href":"https:\/\/api.w.org\/{rel}","templated":true}]}}