{"id":16865,"date":"2016-10-14T07:48:18","date_gmt":"2016-10-14T12:48:18","guid":{"rendered":"http:\/\/www.revistazetta.com\/?p=16865"},"modified":"2016-10-14T07:48:18","modified_gmt":"2016-10-14T12:48:18","slug":"la-carcel-bloquear-transcaribe","status":"publish","type":"post","link":"https:\/\/revistazetta.com\/?p=16865","title":{"rendered":"\u00a1A la c\u00e1rcel por bloquear Transcaribe!"},"content":{"rendered":"<p>La Polic\u00eda Metropolitana de Cartagena captur\u00f3 a cuatro personas que bloqueaban el carril de Transcaribe durante una jornada de protesta, afectando la prestaci\u00f3n del servicio de transporte masivo en la ciudad.<\/p>\n<p>Fernando Ni\u00f1o Mendoza, secretario del Interior del Distrito dijo\u00a0 que la protesta la realizaron extrabajadores de Unicat, a ra\u00edz de una millonaria deuda que tiene esa entidad con ellos.<\/p>\n<p>\u201cNo podemos permitir que cada vez que alguien quiera manifestar o protestar en contra de algo o alguien se \u2018tome\u2019 el carril exclusivo de Transcaribe y afecte a la comunidad.\u00a0 Las personas deben entender que el sistema de transporte es utilizado por toda la ciudad y los problemas que tengan los ciudadanos con empresas privadas deben solucionarlos utilizando las herramientas legales\u201d, explic\u00f3 el funcionario.<\/p>\n<p>En cuanto a la protesta contra Unicat, el funcionario se\u00f1al\u00f3 que tan pronto se conoci\u00f3 la situaci\u00f3n se envi\u00f3 personal para buscar que se desbloqueara la v\u00eda, pero al ver que no se logr\u00f3 un acuerdo con los manifestantes, fue necesaria la presencia del Esmad, que logr\u00f3 la captura de las personas, que fueron dejadas a disposici\u00f3n de las autoridades competentes.<\/p>\n<p>\u201cEstas personas hicieron caso omiso a las recomendaciones de las autoridades de despejar las v\u00edas, por lo que se produjo la captura\u201d, sostuvo Ni\u00f1o Mendoza.<\/p>\n<p>Por orden del alcalde Manolo Duque, explic\u00f3 el Secretario del Interior, se debe mantener despejado el carril de Transcaribe. \u201cNo se puede afectar la movilidad de los cartageneros que usan y creen en este servicio que les cambi\u00f3 la vida\u201d, dijo el alcalde Duque al conocer de este nuevo bloqueo.<\/p>\n<p>Le exigi\u00f3 a la Polic\u00eda Metropolitana m\u00e1s efectividad en el sentido de evitar que haya bloqueos en el carril exclusivo. \u201cSe debe hacer inteligencia, ir un paso adelante y evitar que sigan los bloqueos. Transcaribe es un servicio p\u00fablico que debe ser respetado como cualquier otro. Se capturar\u00e1n a las personas que bloqueen v\u00edas\u201d, expres\u00f3 el Alcalde.<\/p>\n","protected":false},"excerpt":{"rendered":"<p>La Polic\u00eda Metropolitana de Cartagena captur\u00f3 a cuatro personas que bloqueaban el carril de Transcaribe durante una jornada de protesta, afectando la prestaci\u00f3n del servicio de transporte masivo en la ciudad. Fernando Ni\u00f1o Mendoza, secretario del Interior del Distrito dijo\u00a0 que la protesta la realizaron extrabajadores de Unicat, a ra\u00edz de una millonaria deuda que tiene esa entidad con ellos. \u201cNo podemos permitir que cada vez que alguien quiera manifestar o protestar en contra de algo o alguien se \u2018tome\u2019 el carril exclusivo de Transcaribe y afecte a la comunidad.\u00a0&#8230; <\/p>\n","protected":false},"author":3,"featured_media":0,"comment_status":"open","ping_status":"closed","sticky":false,"template":"","format":"standard","meta":{"footnotes":"","_links_to":"","_links_to_target":""},"categories":[2],"tags":[],"class_list":["post-16865","post","type-post","status-publish","format-standard","hentry","category-actualidad"],"_links":{"self":[{"href":"https:\/\/revistazetta.com\/index.php?rest_route=\/wp\/v2\/posts\/16865","targetHints":{"allow":["GET"]}}],"collection":[{"href":"https:\/\/revistazetta.com\/index.php?rest_route=\/wp\/v2\/posts"}],"about":[{"href":"https:\/\/revistazetta.com\/index.php?rest_route=\/wp\/v2\/types\/post"}],"author":[{"embeddable":true,"href":"https:\/\/revistazetta.com\/index.php?rest_route=\/wp\/v2\/users\/3"}],"replies":[{"embeddable":true,"href":"https:\/\/revistazetta.com\/index.php?rest_route=%2Fwp%2Fv2%2Fcomments&post=16865"}],"version-history":[{"count":0,"href":"https:\/\/revistazetta.com\/index.php?rest_route=\/wp\/v2\/posts\/16865\/revisions"}],"wp:attachment":[{"href":"https:\/\/revistazetta.com\/index.php?rest_route=%2Fwp%2Fv2%2Fmedia&parent=16865"}],"wp:term":[{"taxonomy":"category","embeddable":true,"href":"https:\/\/revistazetta.com\/index.php?rest_route=%2Fwp%2Fv2%2Fcategories&post=16865"},{"taxonomy":"post_tag","embeddable":true,"href":"https:\/\/revistazetta.com\/index.php?rest_route=%2Fwp%2Fv2%2Ftags&post=16865"}],"curies":[{"name":"wp","href":"https:\/\/api.w.org\/{rel}","templated":true}]}}