{"id":16909,"date":"2016-10-15T14:45:05","date_gmt":"2016-10-15T19:45:05","guid":{"rendered":"http:\/\/www.revistazetta.com\/?p=16909"},"modified":"2016-10-15T14:45:05","modified_gmt":"2016-10-15T19:45:05","slug":"concejo-pide-presencia-reinas-nacionales-actos-festivos-la-independencia-cartagena","status":"publish","type":"post","link":"https:\/\/revistazetta.com\/?p=16909","title":{"rendered":"Concejo pide presencia de reinas nacionales en actos festivos de la Independencia de Cartagena"},"content":{"rendered":"<p>En el Concejo de Cartagena se realiz\u00f3 un debate que buscaba indagar y encontrara alternativas a la situaci\u00f3n originada por la declinaci\u00f3n a \u00faltima hora del Concurso Nacional de la Belleza de desarrollar el reinado en el marco de las festividades de la independencia de Cartagena de Indias.<\/p>\n<p>Asistieron al sal\u00f3n del cabildo el se\u00f1or Raimundo Angulo, Presidente del CNB y la Directora del IPCC Bertha Arnedo, quienes tuvieron oportunidad de responder las inquietudes expuestas por los concejales.<\/p>\n<p>Raymundo Angulo  ratific\u00f3 que la fecha de realizaci\u00f3n del reinado nacional obedece estrictamente a compromisos comerciales internacionales con la franquicia de Miss Universo. Por su parte el IPCC reiter\u00f3 los esfuerzos  que se tienen que incrementar para salvaguardar y hacer prosperar el sentido de las festividades de la independencia, con o sin Concurso Nacional de la Belleza.<\/p>\n<p>Al final del debate se solicit\u00f3 al presidente del CNB la participaci\u00f3n de las aspirantes del concurso, como representantes de sus distintas regiones, en los actos m\u00e1s importantes de las festividades como la lectura del bando y el desfile de carrozas del 11 de noviembre.<\/p>\n<p>Por su parte el concejal Ronald Fortich, de la bancada del movimiento ciudadano Cartagena Con Firmas, manifest\u00f3 su inquietud sobre la controversia generada tras el anuncio de cambio de fecha del Concurso Nacional de la Belleza.<\/p>\n<p> Enfatiz\u00f3 que existe la ley 31 del 28 de enero de 1985, que busca garantizar la celebraci\u00f3n de las festividades en la fecha del 11 de noviembre.<\/p>\n<p> \u201cLa ley que se encuentra vigente nos dice lo siguiente: mediante esa ley se asocia a la celebraci\u00f3n de la independencia absoluta de Cartagena de Indias ocurrida el 11 de noviembre de 1811 y se dictan otras disposiciones\u201d, puntualiz\u00f3 Fortich, quien tambi\u00e9n record\u00f3 que el art\u00edculo tercero de la citada ley: \u201cestablece como homenaje a la celebraci\u00f3n de la independencia absoluta de Cartagena de Indias cuya fecha es el once de noviembre; adem\u00e1s de los actos culturales e hist\u00f3ricos que hagan referencia a la fecha, se realizar\u00e1 un concurso o reinado de la mujer m\u00e1s bella de Colombia, con participaci\u00f3n de las distintas regiones del territorio nacional que deseen hacerlo\u201d.<\/p>\n<p> Acentu\u00f3 adem\u00e1s que el par\u00e1grafo primero del art\u00edculo en menci\u00f3n insta que \u201cla representaci\u00f3n internacional de la mujer m\u00e1s bella de Colombia tendr\u00e1 origen en el reinado o concurso que se realizar\u00e1 en Cartagena de Indias en la fecha se\u00f1alada por el presente art\u00edculo\u201d.<\/p>\n<p> Asever\u00f3 que \u201cla ley es para garantizar desde el a\u00f1o 1985 que se hiciera el concurso en Cartagena y no lo trasladaran a otra ciudad, pero de igual manera que se hiciera en la fecha establecida el 11 de noviembre; es decir, no puede aplazarse, la ley es clara adem\u00e1s de los actos culturales hist\u00f3ricos\u201d.<\/p>\n<p> Antes de finalizar el punto de debate, Raimundo Angulo prometi\u00f3 consultar con la Junta del CNB la proposici\u00f3n del Concejo de tener a las reinas de los departamentos en los actos m\u00e1s representativos de las Fiestas de la Independencia el 11 de noviembre.<\/p>\n","protected":false},"excerpt":{"rendered":"<p>En el Concejo de Cartagena se realiz\u00f3 un debate que buscaba indagar y encontrara alternativas a la situaci\u00f3n originada por la declinaci\u00f3n a \u00faltima hora del Concurso Nacional de la Belleza de desarrollar el reinado en el marco de las festividades de la independencia de Cartagena de Indias. Asistieron al sal\u00f3n del cabildo el se\u00f1or Raimundo Angulo, Presidente del CNB y la Directora del IPCC Bertha Arnedo, quienes tuvieron oportunidad de responder las inquietudes expuestas por los concejales. Raymundo Angulo ratific\u00f3 que la fecha de realizaci\u00f3n del reinado nacional obedece&#8230; <\/p>\n","protected":false},"author":3,"featured_media":16910,"comment_status":"open","ping_status":"closed","sticky":false,"template":"","format":"standard","meta":{"footnotes":"","_links_to":"","_links_to_target":""},"categories":[27,75],"tags":[],"class_list":["post-16909","post","type-post","status-publish","format-standard","has-post-thumbnail","hentry","category-politicaconcejo","category-destacada"],"_links":{"self":[{"href":"https:\/\/revistazetta.com\/index.php?rest_route=\/wp\/v2\/posts\/16909","targetHints":{"allow":["GET"]}}],"collection":[{"href":"https:\/\/revistazetta.com\/index.php?rest_route=\/wp\/v2\/posts"}],"about":[{"href":"https:\/\/revistazetta.com\/index.php?rest_route=\/wp\/v2\/types\/post"}],"author":[{"embeddable":true,"href":"https:\/\/revistazetta.com\/index.php?rest_route=\/wp\/v2\/users\/3"}],"replies":[{"embeddable":true,"href":"https:\/\/revistazetta.com\/index.php?rest_route=%2Fwp%2Fv2%2Fcomments&post=16909"}],"version-history":[{"count":0,"href":"https:\/\/revistazetta.com\/index.php?rest_route=\/wp\/v2\/posts\/16909\/revisions"}],"wp:featuredmedia":[{"embeddable":true,"href":"https:\/\/revistazetta.com\/index.php?rest_route=\/wp\/v2\/media\/16910"}],"wp:attachment":[{"href":"https:\/\/revistazetta.com\/index.php?rest_route=%2Fwp%2Fv2%2Fmedia&parent=16909"}],"wp:term":[{"taxonomy":"category","embeddable":true,"href":"https:\/\/revistazetta.com\/index.php?rest_route=%2Fwp%2Fv2%2Fcategories&post=16909"},{"taxonomy":"post_tag","embeddable":true,"href":"https:\/\/revistazetta.com\/index.php?rest_route=%2Fwp%2Fv2%2Ftags&post=16909"}],"curies":[{"name":"wp","href":"https:\/\/api.w.org\/{rel}","templated":true}]}}