{"id":16911,"date":"2016-10-17T10:56:05","date_gmt":"2016-10-17T15:56:05","guid":{"rendered":"http:\/\/www.revistazetta.com\/?p=16911"},"modified":"2016-10-17T10:56:37","modified_gmt":"2016-10-17T15:56:37","slug":"zetta-coincide-opinion-alberto-abello-una-vitrina-fantastica","status":"publish","type":"post","link":"https:\/\/revistazetta.com\/?p=16911","title":{"rendered":"Zetta coincide con opini\u00f3n de Alberto Abello en \u201cUna vitrina fant\u00e1stica\u201d"},"content":{"rendered":"<p>Un aporte serio, profundo y reflexivo es el que formula el acad\u00e9mico Alberto Abello Vives, quien escribi\u00f3 un art\u00edculo de opini\u00f3n en El Universal, publicado el pasado s\u00e1bado 15 de octubre, alusivo a la C\u00e1mara de Comercio de Cartagena y el proyecto \u201cLa Fant\u00e1stica\u201d.<\/p>\n<p>Esta visi\u00f3n coincide con la expresada d\u00edas atr\u00e1s por el director de Revista Zetta, John Zamora, en el art\u00edculo titulado \u201cUna fant\u00e1stica manoseada\u201d (Ver: https:\/\/www.revistazetta.com\/?p=16648)<\/p>\n<p>Abello Vives expresa que \u201cDesde hace alg\u00fan tiempo, en el campo de la cultura de Cartagena ocurren hechos que atestiguan la pervivencia de visiones coloniales frente a los portadores del patrimonio local\u201d.<\/p>\n<p>Agrega el columnista que \u201cPensada como una vitrina por propios y extra\u00f1os, la ciudad pierde su capacidad de lograr importantes desarrollos culturales end\u00f3genos con la imposici\u00f3n desde afuera de eventos y espect\u00e1culos, sin duda de gran calidad, que no corresponden al entramado social ni tienen su origen en \u00e9l; son pensados como si no existieran cerebros y talentos aqu\u00ed, para la galer\u00eda tur\u00edstica\u201d.<\/p>\n<p>Termina su columna se\u00f1alando que :\u201cLa ciudad tiene cerebro, talento, propuestas, experiencia y, con seguridad, muchas deficiencias. Pero necesita, para crecer, que entidades como la C\u00e1mara de Comercio, caracterizada por estimular emprendimientos e industrias creativas locales, piensen primero apoyar iniciativas y procesos surgidos de nuestra vida cultural y no corran a abrir, sin convocatoria alguna, puertas y arcas a quienes, con pensamiento colonial, saben usar muy bien sus cercan\u00edas al poder bogotano. \u00a1Bienvenidos, una vez m\u00e1s, inversionistas sin pisar a nuestra gente!\u201d<\/p>\n<p>Este es el texto completo (https:\/\/www.eluniversal.com.co\/opinion\/columna\/una-vitrina-fantastica-11412)<\/p>\n<p>Desde la Conquista, y con fuerza durante la Colonia, los \u201cojos imperiales\u201d vieron a la poblaci\u00f3n del Caribe como no apta para la civilizaci\u00f3n. Sus expresiones culturales no cab\u00edan en los par\u00e1metros occidentales y fueron castigadas con la imposici\u00f3n de una nueva lengua, una religi\u00f3n, nuevas formas de pensar, de vivir y convivir. Se trataba, de acuerdo con la mentalidad colonialista, de manifestaciones culturales inferiores que hab\u00eda que superar.<\/p>\n<p>Esas visiones parecen tener continuidad a lo largo de los siglos, pues las \u00e9lites andinas pronto tomaron prestadas las interpretaciones euroc\u00e9ntricas y ampliaron la idea de culturas inferiores en el Caribe, no aptas para el progreso. Las expresiones culturales caribes, especialmente las populares con ra\u00edces ind\u00edgenas y africanas, fueron discriminadas como salvajes. Desprecio que fue aceptado y asumido por las propias elites locales afanadas por ser reconocidas socialmente. El siglo XX estuvo plagado de ejemplos de esto que diversos estudios han corroborado. Pero, hasta aqu\u00ed no hay nada nuevo.<\/p>\n<p>Desde hace alg\u00fan tiempo, en el campo de la cultura de Cartagena ocurren hechos que atestiguan la pervivencia de visiones coloniales frente a los portadores del patrimonio local. Pensada como una vitrina por propios y extra\u00f1os, la ciudad pierde su capacidad de lograr importantes desarrollos culturales end\u00f3genos con la imposici\u00f3n desde afuera de eventos y espect\u00e1culos, sin duda de gran calidad, que no corresponden al entramado social ni tienen su origen en \u00e9l; son pensados como si no existieran cerebros y talentos aqu\u00ed, para la galer\u00eda tur\u00edstica.<\/p>\n<p>Viene entonces ahora, desarrollado conceptualmente por dos expertas nacionales de lujo, un espect\u00e1culo que no recoge las aspiraciones ni la experiencia de producciones de alto nivel locales, toma prestada la idea de ciudad fant\u00e1stica y ser\u00e1 apoyado con una suma importante de recursos por la C\u00e1mara de Comercio de Cartagena. Mientras se reproduce una vez m\u00e1s esa comunidad de visiones arriba mencionada, sorprende que esta organizaci\u00f3n no haya pensado, para este negocio, estimular la capacidad creativa y gerencial de la ciudad, m\u00e1s all\u00e1 de prestar el cuerpo de nuestros bailarines.<\/p>\n<p>La ciudad tiene cerebro, talento, propuestas, experiencia y, con seguridad, muchas deficiencias. Pero necesita, para crecer, que entidades como la C\u00e1mara de Comercio, caracterizada por estimular emprendimientos e industrias creativas locales, piensen primero apoyar iniciativas y procesos surgidos de nuestra vida cultural y no corran a abrir, sin convocatoria alguna, puertas y arcas a quienes, con pensamiento colonial, saben usar muy bien sus cercan\u00edas al poder bogotano. \u00a1Bienvenidos, una vez m\u00e1s, inversionistas sin pisar a nuestra gente!<\/p>\n<p>albertoabellovives@gmail.com<\/p>\n","protected":false},"excerpt":{"rendered":"<p>Un aporte serio, profundo y reflexivo es el que formula el acad\u00e9mico Alberto Abello Vives, quien escribi\u00f3 un art\u00edculo de opini\u00f3n en El Universal, publicado el pasado s\u00e1bado 15 de octubre, alusivo a la C\u00e1mara de Comercio de Cartagena y el proyecto \u201cLa Fant\u00e1stica\u201d. Esta visi\u00f3n coincide con la expresada d\u00edas atr\u00e1s por el director de Revista Zetta, John Zamora, en el art\u00edculo titulado \u201cUna fant\u00e1stica manoseada\u201d (Ver: https:\/\/www.revistazetta.com\/?p=16648) Abello Vives expresa que \u201cDesde hace alg\u00fan tiempo, en el campo de la cultura de Cartagena ocurren hechos que atestiguan la&#8230; <\/p>\n","protected":false},"author":3,"featured_media":16912,"comment_status":"open","ping_status":"closed","sticky":false,"template":"","format":"standard","meta":{"footnotes":"","_links_to":"","_links_to_target":""},"categories":[75,3,50],"tags":[],"class_list":["post-16911","post","type-post","status-publish","format-standard","has-post-thumbnail","hentry","category-destacada","category-ciudad","category-empresa"],"_links":{"self":[{"href":"https:\/\/revistazetta.com\/index.php?rest_route=\/wp\/v2\/posts\/16911","targetHints":{"allow":["GET"]}}],"collection":[{"href":"https:\/\/revistazetta.com\/index.php?rest_route=\/wp\/v2\/posts"}],"about":[{"href":"https:\/\/revistazetta.com\/index.php?rest_route=\/wp\/v2\/types\/post"}],"author":[{"embeddable":true,"href":"https:\/\/revistazetta.com\/index.php?rest_route=\/wp\/v2\/users\/3"}],"replies":[{"embeddable":true,"href":"https:\/\/revistazetta.com\/index.php?rest_route=%2Fwp%2Fv2%2Fcomments&post=16911"}],"version-history":[{"count":0,"href":"https:\/\/revistazetta.com\/index.php?rest_route=\/wp\/v2\/posts\/16911\/revisions"}],"wp:featuredmedia":[{"embeddable":true,"href":"https:\/\/revistazetta.com\/index.php?rest_route=\/wp\/v2\/media\/16912"}],"wp:attachment":[{"href":"https:\/\/revistazetta.com\/index.php?rest_route=%2Fwp%2Fv2%2Fmedia&parent=16911"}],"wp:term":[{"taxonomy":"category","embeddable":true,"href":"https:\/\/revistazetta.com\/index.php?rest_route=%2Fwp%2Fv2%2Fcategories&post=16911"},{"taxonomy":"post_tag","embeddable":true,"href":"https:\/\/revistazetta.com\/index.php?rest_route=%2Fwp%2Fv2%2Ftags&post=16911"}],"curies":[{"name":"wp","href":"https:\/\/api.w.org\/{rel}","templated":true}]}}