{"id":16913,"date":"2016-10-17T11:38:25","date_gmt":"2016-10-17T16:38:25","guid":{"rendered":"http:\/\/www.revistazetta.com\/?p=16913"},"modified":"2016-10-17T16:52:35","modified_gmt":"2016-10-17T21:52:35","slug":"regocijo-la-u-triunfo-yecenia-arroyo-hondo","status":"publish","type":"post","link":"https:\/\/revistazetta.com\/?p=16913","title":{"rendered":"Regocijo en La U por triunfo de Yecenia en Arroyo Hondo"},"content":{"rendered":"<p><strong><img loading=\"lazy\" decoding=\"async\" class=\"size-medium wp-image-16920 alignleft\" src=\"https:\/\/www.revistazetta.com\/wp-content\/uploads\/2016\/10\/Arroyo-6-300x188.jpg\" alt=\"arroyo-6\" width=\"300\" height=\"188\" srcset=\"https:\/\/revistazetta.com\/wp-content\/uploads\/2016\/10\/Arroyo-6-300x188.jpg 300w, https:\/\/revistazetta.com\/wp-content\/uploads\/2016\/10\/Arroyo-6-234x146.jpg 234w, https:\/\/revistazetta.com\/wp-content\/uploads\/2016\/10\/Arroyo-6-50x31.jpg 50w, https:\/\/revistazetta.com\/wp-content\/uploads\/2016\/10\/Arroyo-6-120x75.jpg 120w, https:\/\/revistazetta.com\/wp-content\/uploads\/2016\/10\/Arroyo-6.jpg 576w\" sizes=\"auto, (max-width: 300px) 100vw, 300px\" \/><\/strong>El Partido de la U celebr\u00f3 el triunfo de su candidata a la Alcald\u00eda de Arroyo Hondo, Yecenia Iriarte, quien gan\u00f3 las elecciones at\u00edpicas tras la muerte del titular, Carlos Paternina, de quien es la viuda.<\/p>\n<p>Esa condici\u00f3n gener\u00f3 cr\u00edticas del partido Centro Democr\u00e1tico, a trav\u00e9s del senador Fernando Nicol\u00e1s Ara\u00fajo, se\u00f1alando que estaba inhabilitada para inscribirse como candidata.<\/p>\n<p>Yecenia Iriarte obtuvo 2.923 votos (55%); mientras que su m\u00e1s enconado rival, Emiro Manuel Garc\u00eda Cassiani, del Partido Liberal, logr\u00f3 \u00a02.334 votos (44%). Loso otros candidatos obtuvieron registros min\u00fasculos: Inelvis L\u00f3pez Cueto, del Movimiento Alternativa Ind\u00edgena y Social (Mais), 5 votos, y Hern\u00e1n Alberto Utria Coronell, 4 votos.<\/p>\n<p>Para el representante a la C\u00e1mara Alonso del R\u00edo, del partido de la U, este triunfo le resulta m\u00e1s significativo por haber derrotado al candidato liberal avalado por el senador bolivarense Lidio Garc\u00eda Turbay.<\/p>\n<p>Las elecciones en ese municipio se debieron efectuar tras la muerte Carlos Paternina Orozco, de 38 a\u00f1os de edad, v\u00edctima un infarto al miocardio, y quien solo permaneci\u00f3 seis meses al frente del cargo.<\/p>\n<p><strong>El da\u00f1o lo hizo el CNE: senador Ara\u00fajo<\/strong><\/p>\n<p>Al aceptar la decisi\u00f3n de las urnas, el senador Fernando Nicol\u00e1s Ara\u00fajo se expres\u00f3 as\u00ed sobre el triunfo de la se\u00f1ora iriarte opino:<\/p>\n<p>Hay que respetar la voluntad popular, el da\u00f1o lo hizo el Consejo Nacional Electoral.Es un grave precedente para la democracia que el CNE permiti\u00f3 a una candidata inhabilitada participar en unas elecciones. \u00bfEn el futuro, permitir\u00e1n la participaci\u00f3n de candidatos inhabilitados en otras contiendas?\u00a0Pero el da\u00f1o ser\u00e1 peor para Arroyo Hondo que ya ha tenido suficiente interinidad y que mantendr\u00e1 la incertidumbre. No faltar\u00e1 la demanda de nulidad. Tendremos de nuevo elecciones en este municipio.<\/p>\n<p>&nbsp;<\/p>\n<p>&nbsp;<\/p>\n<p>&nbsp;<\/p>\n<p><img loading=\"lazy\" decoding=\"async\" class=\"size-medium wp-image-16916 alignleft\" src=\"https:\/\/www.revistazetta.com\/wp-content\/uploads\/2016\/10\/Arroyo-2-300x180.jpg\" alt=\"arroyo-2\" width=\"300\" height=\"180\" srcset=\"https:\/\/revistazetta.com\/wp-content\/uploads\/2016\/10\/Arroyo-2-300x180.jpg 300w, https:\/\/revistazetta.com\/wp-content\/uploads\/2016\/10\/Arroyo-2-244x146.jpg 244w, https:\/\/revistazetta.com\/wp-content\/uploads\/2016\/10\/Arroyo-2-50x30.jpg 50w, https:\/\/revistazetta.com\/wp-content\/uploads\/2016\/10\/Arroyo-2-125x75.jpg 125w, https:\/\/revistazetta.com\/wp-content\/uploads\/2016\/10\/Arroyo-2.jpg 763w\" sizes=\"auto, (max-width: 300px) 100vw, 300px\" \/><img loading=\"lazy\" decoding=\"async\" class=\"size-medium wp-image-16915 alignleft\" src=\"https:\/\/www.revistazetta.com\/wp-content\/uploads\/2016\/10\/Arroyo-1-300x175.jpg\" alt=\"arroyo-1\" width=\"300\" height=\"175\" srcset=\"https:\/\/revistazetta.com\/wp-content\/uploads\/2016\/10\/Arroyo-1-300x175.jpg 300w, https:\/\/revistazetta.com\/wp-content\/uploads\/2016\/10\/Arroyo-1-251x146.jpg 251w, https:\/\/revistazetta.com\/wp-content\/uploads\/2016\/10\/Arroyo-1-50x29.jpg 50w, https:\/\/revistazetta.com\/wp-content\/uploads\/2016\/10\/Arroyo-1-129x75.jpg 129w, https:\/\/revistazetta.com\/wp-content\/uploads\/2016\/10\/Arroyo-1.jpg 738w\" sizes=\"auto, (max-width: 300px) 100vw, 300px\" \/><img loading=\"lazy\" decoding=\"async\" class=\"alignright size-medium wp-image-16917\" src=\"https:\/\/www.revistazetta.com\/wp-content\/uploads\/2016\/10\/Arroyo-3-300x188.jpg\" alt=\"arroyo-3\" width=\"300\" height=\"188\" srcset=\"https:\/\/revistazetta.com\/wp-content\/uploads\/2016\/10\/Arroyo-3-300x188.jpg 300w, https:\/\/revistazetta.com\/wp-content\/uploads\/2016\/10\/Arroyo-3-234x146.jpg 234w, https:\/\/revistazetta.com\/wp-content\/uploads\/2016\/10\/Arroyo-3-50x31.jpg 50w, https:\/\/revistazetta.com\/wp-content\/uploads\/2016\/10\/Arroyo-3-120x75.jpg 120w, https:\/\/revistazetta.com\/wp-content\/uploads\/2016\/10\/Arroyo-3.jpg 576w\" sizes=\"auto, (max-width: 300px) 100vw, 300px\" \/> <img loading=\"lazy\" decoding=\"async\" class=\"alignright size-medium wp-image-16918\" src=\"https:\/\/www.revistazetta.com\/wp-content\/uploads\/2016\/10\/Arroyo-4-300x188.jpg\" alt=\"arroyo-4\" width=\"300\" height=\"188\" srcset=\"https:\/\/revistazetta.com\/wp-content\/uploads\/2016\/10\/Arroyo-4-300x188.jpg 300w, https:\/\/revistazetta.com\/wp-content\/uploads\/2016\/10\/Arroyo-4-234x146.jpg 234w, https:\/\/revistazetta.com\/wp-content\/uploads\/2016\/10\/Arroyo-4-50x31.jpg 50w, https:\/\/revistazetta.com\/wp-content\/uploads\/2016\/10\/Arroyo-4-120x75.jpg 120w, https:\/\/revistazetta.com\/wp-content\/uploads\/2016\/10\/Arroyo-4.jpg 576w\" sizes=\"auto, (max-width: 300px) 100vw, 300px\" \/> <img loading=\"lazy\" decoding=\"async\" class=\"alignright size-medium wp-image-16919\" src=\"https:\/\/www.revistazetta.com\/wp-content\/uploads\/2016\/10\/Arroyo-5-300x188.jpg\" alt=\"arroyo-5\" width=\"300\" height=\"188\" srcset=\"https:\/\/revistazetta.com\/wp-content\/uploads\/2016\/10\/Arroyo-5-300x188.jpg 300w, https:\/\/revistazetta.com\/wp-content\/uploads\/2016\/10\/Arroyo-5-234x146.jpg 234w, https:\/\/revistazetta.com\/wp-content\/uploads\/2016\/10\/Arroyo-5-50x31.jpg 50w, https:\/\/revistazetta.com\/wp-content\/uploads\/2016\/10\/Arroyo-5-120x75.jpg 120w, https:\/\/revistazetta.com\/wp-content\/uploads\/2016\/10\/Arroyo-5.jpg 576w\" sizes=\"auto, (max-width: 300px) 100vw, 300px\" \/><\/p>\n","protected":false},"excerpt":{"rendered":"<p>El Partido de la U celebr\u00f3 el triunfo de su candidata a la Alcald\u00eda de Arroyo Hondo, Yecenia Iriarte, quien gan\u00f3 las elecciones at\u00edpicas tras la muerte del titular, Carlos Paternina, de quien es la viuda. Esa condici\u00f3n gener\u00f3 cr\u00edticas del partido Centro Democr\u00e1tico, a trav\u00e9s del senador Fernando Nicol\u00e1s Ara\u00fajo, se\u00f1alando que estaba inhabilitada para inscribirse como candidata. Yecenia Iriarte obtuvo 2.923 votos (55%); mientras que su m\u00e1s enconado rival, Emiro Manuel Garc\u00eda Cassiani, del Partido Liberal, logr\u00f3 \u00a02.334 votos (44%). Loso otros candidatos obtuvieron registros min\u00fasculos: Inelvis L\u00f3pez&#8230; <\/p>\n","protected":false},"author":3,"featured_media":16914,"comment_status":"open","ping_status":"closed","sticky":false,"template":"","format":"standard","meta":{"footnotes":"","_links_to":"","_links_to_target":""},"categories":[75,4],"tags":[],"class_list":["post-16913","post","type-post","status-publish","format-standard","has-post-thumbnail","hentry","category-destacada","category-politica"],"_links":{"self":[{"href":"https:\/\/revistazetta.com\/index.php?rest_route=\/wp\/v2\/posts\/16913","targetHints":{"allow":["GET"]}}],"collection":[{"href":"https:\/\/revistazetta.com\/index.php?rest_route=\/wp\/v2\/posts"}],"about":[{"href":"https:\/\/revistazetta.com\/index.php?rest_route=\/wp\/v2\/types\/post"}],"author":[{"embeddable":true,"href":"https:\/\/revistazetta.com\/index.php?rest_route=\/wp\/v2\/users\/3"}],"replies":[{"embeddable":true,"href":"https:\/\/revistazetta.com\/index.php?rest_route=%2Fwp%2Fv2%2Fcomments&post=16913"}],"version-history":[{"count":0,"href":"https:\/\/revistazetta.com\/index.php?rest_route=\/wp\/v2\/posts\/16913\/revisions"}],"wp:featuredmedia":[{"embeddable":true,"href":"https:\/\/revistazetta.com\/index.php?rest_route=\/wp\/v2\/media\/16914"}],"wp:attachment":[{"href":"https:\/\/revistazetta.com\/index.php?rest_route=%2Fwp%2Fv2%2Fmedia&parent=16913"}],"wp:term":[{"taxonomy":"category","embeddable":true,"href":"https:\/\/revistazetta.com\/index.php?rest_route=%2Fwp%2Fv2%2Fcategories&post=16913"},{"taxonomy":"post_tag","embeddable":true,"href":"https:\/\/revistazetta.com\/index.php?rest_route=%2Fwp%2Fv2%2Ftags&post=16913"}],"curies":[{"name":"wp","href":"https:\/\/api.w.org\/{rel}","templated":true}]}}