{"id":16930,"date":"2016-10-18T05:41:52","date_gmt":"2016-10-18T10:41:52","guid":{"rendered":"http:\/\/www.revistazetta.com\/?p=16930"},"modified":"2016-10-18T06:37:42","modified_gmt":"2016-10-18T11:37:42","slug":"suma-100-millones-sera-invertida-festival-del-name-san-cayetano-2017","status":"publish","type":"post","link":"https:\/\/revistazetta.com\/?p=16930","title":{"rendered":"Anuncian $100 millones para Festival del \u00d1ame de San Cayetano 2017"},"content":{"rendered":"<p>El gobernador de Bol\u00edvar Dumek Turbay hizo presencia en la edici\u00f3n 27 del Festival del \u00d1ame en San Cayetano y en compa\u00f1\u00eda del alcalde de San Juan Nepomuceno, Benito Acosta, recorri\u00f3 las calles de la Plaza dialogando con los productores de \u00f1ame y dejando claro que apoyar\u00e1 la pr\u00f3xima versi\u00f3n.<\/p>\n<p>\u00abYa hable con el alcalde y apoyaremos el pr\u00f3ximo a\u00f1o este festival nacional del \u00f1ame. Los campesinos merecen ser reconocidos\u00bb, dijo el mandatario de los bolivarenses, quien se comprometi\u00f3 a entregar para el 2017 la suma de $100 millones que deber\u00e1 ser invertida la organizaci\u00f3n del festival.<br \/>\n<img loading=\"lazy\" decoding=\"async\" src=\"https:\/\/www.revistazetta.com\/wp-content\/uploads\/2016\/10\/F\u00d12-300x187.jpg\" alt=\"fn2\" width=\"300\" height=\"187\" class=\"alignright size-medium wp-image-16936\" srcset=\"https:\/\/revistazetta.com\/wp-content\/uploads\/2016\/10\/F\u00d12-300x187.jpg 300w, https:\/\/revistazetta.com\/wp-content\/uploads\/2016\/10\/F\u00d12-234x146.jpg 234w, https:\/\/revistazetta.com\/wp-content\/uploads\/2016\/10\/F\u00d12-50x31.jpg 50w, https:\/\/revistazetta.com\/wp-content\/uploads\/2016\/10\/F\u00d12-120x75.jpg 120w, https:\/\/revistazetta.com\/wp-content\/uploads\/2016\/10\/F\u00d12.jpg 570w\" sizes=\"auto, (max-width: 300px) 100vw, 300px\" \/><\/p>\n<p><img loading=\"lazy\" decoding=\"async\" src=\"https:\/\/www.revistazetta.com\/wp-content\/uploads\/2016\/10\/F\u00d1-300x187.jpg\" alt=\"fn\" width=\"300\" height=\"187\" class=\"alignright size-medium wp-image-16935\" srcset=\"https:\/\/revistazetta.com\/wp-content\/uploads\/2016\/10\/F\u00d1-300x187.jpg 300w, https:\/\/revistazetta.com\/wp-content\/uploads\/2016\/10\/F\u00d1-234x146.jpg 234w, https:\/\/revistazetta.com\/wp-content\/uploads\/2016\/10\/F\u00d1-50x31.jpg 50w, https:\/\/revistazetta.com\/wp-content\/uploads\/2016\/10\/F\u00d1-120x75.jpg 120w, https:\/\/revistazetta.com\/wp-content\/uploads\/2016\/10\/F\u00d1.jpg 570w\" sizes=\"auto, (max-width: 300px) 100vw, 300px\" \/><br \/>\n\u00abApoyo total al evento. La gobernaci\u00f3n entregar\u00e1 $70 millones para la organizaci\u00f3n del festival y $30 millones m\u00e1s para repartir en premios\u00bb, agreg\u00f3 Turbay.<\/p>\n<p>Por su parte, el alcalde Benito Acosta agradeci\u00f3 el respaldo del gobernador. \u00abContamos con el respaldo de Dumek Turbay y seguimos trabajando por nuestra cultura y nuestros campesinos\u00bb, dijo Acosta.<\/p>\n<p>En el evento hubo una diversidad gastron\u00f3mica inmensa de productos a base de \u00f1ame. Tortas, pizza, lasagna, dulces, brownies, pasteles, papas, entre otros, fueron participe del festival, deleitando el paladar de propios y for\u00e1neos.<\/p>\n<p>El broche de oro del evento lo puso la cantaora de bullerenque Petrona Mart\u00ednez, oriunda de San Cayetano, quien fue homenajeada en la plaza, declar\u00e1ndola hija ilustre de esa tierra. Petrona lleg\u00f3 con su nuevo proyecto musical, Petr\u00f3nika para seguir difundiendo las ra\u00edces bolivarenses por el mundo.<\/p>\n","protected":false},"excerpt":{"rendered":"<p>El gobernador de Bol\u00edvar Dumek Turbay hizo presencia en la edici\u00f3n 27 del Festival del \u00d1ame en San Cayetano y en compa\u00f1\u00eda del alcalde de San Juan Nepomuceno, Benito Acosta, recorri\u00f3 las calles de la Plaza dialogando con los productores de \u00f1ame y dejando claro que apoyar\u00e1 la pr\u00f3xima versi\u00f3n. \u00abYa hable con el alcalde y apoyaremos el pr\u00f3ximo a\u00f1o este festival nacional del \u00f1ame. Los campesinos merecen ser reconocidos\u00bb, dijo el mandatario de los bolivarenses, quien se comprometi\u00f3 a entregar para el 2017 la suma de $100 millones que&#8230; <\/p>\n","protected":false},"author":3,"featured_media":16937,"comment_status":"open","ping_status":"closed","sticky":false,"template":"","format":"standard","meta":{"footnotes":"","_links_to":"","_links_to_target":""},"categories":[33,75],"tags":[74,93,72],"class_list":["post-16930","post","type-post","status-publish","format-standard","has-post-thumbnail","hentry","category-actualidad-bolivar","category-destacada","tag-dumek-turbay","tag-revista-zetta","tag-revistazetta"],"_links":{"self":[{"href":"https:\/\/revistazetta.com\/index.php?rest_route=\/wp\/v2\/posts\/16930","targetHints":{"allow":["GET"]}}],"collection":[{"href":"https:\/\/revistazetta.com\/index.php?rest_route=\/wp\/v2\/posts"}],"about":[{"href":"https:\/\/revistazetta.com\/index.php?rest_route=\/wp\/v2\/types\/post"}],"author":[{"embeddable":true,"href":"https:\/\/revistazetta.com\/index.php?rest_route=\/wp\/v2\/users\/3"}],"replies":[{"embeddable":true,"href":"https:\/\/revistazetta.com\/index.php?rest_route=%2Fwp%2Fv2%2Fcomments&post=16930"}],"version-history":[{"count":0,"href":"https:\/\/revistazetta.com\/index.php?rest_route=\/wp\/v2\/posts\/16930\/revisions"}],"wp:featuredmedia":[{"embeddable":true,"href":"https:\/\/revistazetta.com\/index.php?rest_route=\/wp\/v2\/media\/16937"}],"wp:attachment":[{"href":"https:\/\/revistazetta.com\/index.php?rest_route=%2Fwp%2Fv2%2Fmedia&parent=16930"}],"wp:term":[{"taxonomy":"category","embeddable":true,"href":"https:\/\/revistazetta.com\/index.php?rest_route=%2Fwp%2Fv2%2Fcategories&post=16930"},{"taxonomy":"post_tag","embeddable":true,"href":"https:\/\/revistazetta.com\/index.php?rest_route=%2Fwp%2Fv2%2Ftags&post=16930"}],"curies":[{"name":"wp","href":"https:\/\/api.w.org\/{rel}","templated":true}]}}