{"id":16931,"date":"2016-10-18T05:37:09","date_gmt":"2016-10-18T10:37:09","guid":{"rendered":"http:\/\/www.revistazetta.com\/?p=16931"},"modified":"2016-10-18T05:37:09","modified_gmt":"2016-10-18T10:37:09","slug":"jovenes-la-localidad-la-virgen-turistica-demuestran-talento","status":"publish","type":"post","link":"https:\/\/revistazetta.com\/?p=16931","title":{"rendered":"J\u00f3venes de la Localidad de la Virgen y Tur\u00edstica demuestran su talento"},"content":{"rendered":"<p>Con expresiones de \u2018Break Dance\u2019, Modelaje, Champeta y Hip Hop, j\u00f3venes de diferentes barrios de la zona sur oriental de Cartagena se reunieron en el Centro Cultural de las Palmeras a dar muestra del talento juvenil. La Secretar\u00eda de Participaci\u00f3n y Desarrollo Social de la Alcald\u00eda Mayor de Cartagena coordin\u00f3 la actividad denominada Express-Arte, Joven y Paz.<br \/>\n<img loading=\"lazy\" decoding=\"async\" src=\"https:\/\/www.revistazetta.com\/wp-content\/uploads\/2016\/10\/EAJP-300x187.jpg\" alt=\"eajp\" width=\"300\" height=\"187\" class=\"alignright size-medium wp-image-16932\" srcset=\"https:\/\/revistazetta.com\/wp-content\/uploads\/2016\/10\/EAJP-300x187.jpg 300w, https:\/\/revistazetta.com\/wp-content\/uploads\/2016\/10\/EAJP-234x146.jpg 234w, https:\/\/revistazetta.com\/wp-content\/uploads\/2016\/10\/EAJP-50x31.jpg 50w, https:\/\/revistazetta.com\/wp-content\/uploads\/2016\/10\/EAJP-120x75.jpg 120w, https:\/\/revistazetta.com\/wp-content\/uploads\/2016\/10\/EAJP.jpg 570w\" sizes=\"auto, (max-width: 300px) 100vw, 300px\" \/><\/p>\n<p><img loading=\"lazy\" decoding=\"async\" src=\"https:\/\/www.revistazetta.com\/wp-content\/uploads\/2016\/10\/EAJP2-300x187.jpg\" alt=\"eajp2\" width=\"300\" height=\"187\" class=\"alignright size-medium wp-image-16934\" srcset=\"https:\/\/revistazetta.com\/wp-content\/uploads\/2016\/10\/EAJP2-300x187.jpg 300w, https:\/\/revistazetta.com\/wp-content\/uploads\/2016\/10\/EAJP2-234x146.jpg 234w, https:\/\/revistazetta.com\/wp-content\/uploads\/2016\/10\/EAJP2-50x31.jpg 50w, https:\/\/revistazetta.com\/wp-content\/uploads\/2016\/10\/EAJP2-120x75.jpg 120w, https:\/\/revistazetta.com\/wp-content\/uploads\/2016\/10\/EAJP2.jpg 570w\" sizes=\"auto, (max-width: 300px) 100vw, 300px\" \/><br \/>\n \u201cEs muy importante que la Alcald\u00eda apoye los talentos de los j\u00f3venes cartageneros especialmente en los barrios vulnerables, que es donde la juventud tiene la mayor necesidad de salir adelante y de esta forma alejarnos de vicios, drogas y caminos que no son los indicados para nosotros\u201d, afirm\u00f3 Aveliz Romero Rodr\u00edguez, modelo afro participante del evento.<\/p>\n<p>Este tipo de eventos, con organizaciones y colectivos juveniles que buscan promover el derecho a la cultura, la motivaci\u00f3n y la prevenci\u00f3n de ocio, se continuar\u00e1n realizando en las tres localidades hasta finalizar el 2016. <\/p>\n","protected":false},"excerpt":{"rendered":"<p>Con expresiones de \u2018Break Dance\u2019, Modelaje, Champeta y Hip Hop, j\u00f3venes de diferentes barrios de la zona sur oriental de Cartagena se reunieron en el Centro Cultural de las Palmeras a dar muestra del talento juvenil. La Secretar\u00eda de Participaci\u00f3n y Desarrollo Social de la Alcald\u00eda Mayor de Cartagena coordin\u00f3 la actividad denominada Express-Arte, Joven y Paz. \u201cEs muy importante que la Alcald\u00eda apoye los talentos de los j\u00f3venes cartageneros especialmente en los barrios vulnerables, que es donde la juventud tiene la mayor necesidad de salir adelante y de esta&#8230; <\/p>\n","protected":false},"author":3,"featured_media":16933,"comment_status":"open","ping_status":"closed","sticky":false,"template":"","format":"standard","meta":{"footnotes":"","_links_to":"","_links_to_target":""},"categories":[32],"tags":[],"class_list":["post-16931","post","type-post","status-publish","format-standard","has-post-thumbnail","hentry","category-actualidad-distrito"],"_links":{"self":[{"href":"https:\/\/revistazetta.com\/index.php?rest_route=\/wp\/v2\/posts\/16931","targetHints":{"allow":["GET"]}}],"collection":[{"href":"https:\/\/revistazetta.com\/index.php?rest_route=\/wp\/v2\/posts"}],"about":[{"href":"https:\/\/revistazetta.com\/index.php?rest_route=\/wp\/v2\/types\/post"}],"author":[{"embeddable":true,"href":"https:\/\/revistazetta.com\/index.php?rest_route=\/wp\/v2\/users\/3"}],"replies":[{"embeddable":true,"href":"https:\/\/revistazetta.com\/index.php?rest_route=%2Fwp%2Fv2%2Fcomments&post=16931"}],"version-history":[{"count":0,"href":"https:\/\/revistazetta.com\/index.php?rest_route=\/wp\/v2\/posts\/16931\/revisions"}],"wp:featuredmedia":[{"embeddable":true,"href":"https:\/\/revistazetta.com\/index.php?rest_route=\/wp\/v2\/media\/16933"}],"wp:attachment":[{"href":"https:\/\/revistazetta.com\/index.php?rest_route=%2Fwp%2Fv2%2Fmedia&parent=16931"}],"wp:term":[{"taxonomy":"category","embeddable":true,"href":"https:\/\/revistazetta.com\/index.php?rest_route=%2Fwp%2Fv2%2Fcategories&post=16931"},{"taxonomy":"post_tag","embeddable":true,"href":"https:\/\/revistazetta.com\/index.php?rest_route=%2Fwp%2Fv2%2Ftags&post=16931"}],"curies":[{"name":"wp","href":"https:\/\/api.w.org\/{rel}","templated":true}]}}