{"id":16939,"date":"2016-10-18T07:28:17","date_gmt":"2016-10-18T12:28:17","guid":{"rendered":"http:\/\/www.revistazetta.com\/?p=16939"},"modified":"2016-10-18T07:28:17","modified_gmt":"2016-10-18T12:28:17","slug":"festijazz-mompox-2016-galeria","status":"publish","type":"post","link":"https:\/\/revistazetta.com\/?p=16939","title":{"rendered":"Festijazz Mompox 2016 &#8211; Galer\u00eda"},"content":{"rendered":"<p>En el V Festival de Jazz de Mompox se dieron cita dirigentes pol\u00edticos, empresariales y gremiales de Cartagena y Bol\u00edvar, que quedaron registrados en el lente de John Zamora, director de Revista Zetta.<\/p>\n<p>&nbsp;<\/p>\n<p><img loading=\"lazy\" decoding=\"async\" class=\"alignright size-medium wp-image-16945\" src=\"https:\/\/www.revistazetta.com\/wp-content\/uploads\/2016\/10\/Dumek-y-Lili-300x240.jpg\" alt=\"dumek-y-lili\" width=\"300\" height=\"240\" srcset=\"https:\/\/revistazetta.com\/wp-content\/uploads\/2016\/10\/Dumek-y-Lili-300x240.jpg 300w, https:\/\/revistazetta.com\/wp-content\/uploads\/2016\/10\/Dumek-y-Lili-183x146.jpg 183w, https:\/\/revistazetta.com\/wp-content\/uploads\/2016\/10\/Dumek-y-Lili-50x40.jpg 50w, https:\/\/revistazetta.com\/wp-content\/uploads\/2016\/10\/Dumek-y-Lili-94x75.jpg 94w, https:\/\/revistazetta.com\/wp-content\/uploads\/2016\/10\/Dumek-y-Lili.jpg 591w\" sizes=\"auto, (max-width: 300px) 100vw, 300px\" \/> <img loading=\"lazy\" decoding=\"async\" class=\"alignright size-medium wp-image-16963\" src=\"https:\/\/www.revistazetta.com\/wp-content\/uploads\/2016\/10\/Ulises-Dur\u00e1n-300x240.jpg\" alt=\"ulises-duran\" width=\"300\" height=\"240\" srcset=\"https:\/\/revistazetta.com\/wp-content\/uploads\/2016\/10\/Ulises-Dur\u00e1n-300x240.jpg 300w, https:\/\/revistazetta.com\/wp-content\/uploads\/2016\/10\/Ulises-Dur\u00e1n-183x146.jpg 183w, https:\/\/revistazetta.com\/wp-content\/uploads\/2016\/10\/Ulises-Dur\u00e1n-50x40.jpg 50w, https:\/\/revistazetta.com\/wp-content\/uploads\/2016\/10\/Ulises-Dur\u00e1n-94x75.jpg 94w, https:\/\/revistazetta.com\/wp-content\/uploads\/2016\/10\/Ulises-Dur\u00e1n.jpg 591w\" sizes=\"auto, (max-width: 300px) 100vw, 300px\" \/> <img loading=\"lazy\" decoding=\"async\" class=\"alignright size-medium wp-image-16944\" src=\"https:\/\/www.revistazetta.com\/wp-content\/uploads\/2016\/10\/Dumek-baila-300x240.jpg\" alt=\"dumek-baila\" width=\"300\" height=\"240\" srcset=\"https:\/\/revistazetta.com\/wp-content\/uploads\/2016\/10\/Dumek-baila-300x240.jpg 300w, https:\/\/revistazetta.com\/wp-content\/uploads\/2016\/10\/Dumek-baila-183x146.jpg 183w, https:\/\/revistazetta.com\/wp-content\/uploads\/2016\/10\/Dumek-baila-50x40.jpg 50w, https:\/\/revistazetta.com\/wp-content\/uploads\/2016\/10\/Dumek-baila-94x75.jpg 94w, https:\/\/revistazetta.com\/wp-content\/uploads\/2016\/10\/Dumek-baila.jpg 591w\" sizes=\"auto, (max-width: 300px) 100vw, 300px\" \/> <img loading=\"lazy\" decoding=\"async\" class=\"alignright size-medium wp-image-16962\" src=\"https:\/\/www.revistazetta.com\/wp-content\/uploads\/2016\/10\/Sanes-Carmona-300x240.jpg\" alt=\"sanes-carmona\" width=\"300\" height=\"240\" srcset=\"https:\/\/revistazetta.com\/wp-content\/uploads\/2016\/10\/Sanes-Carmona-300x240.jpg 300w, https:\/\/revistazetta.com\/wp-content\/uploads\/2016\/10\/Sanes-Carmona-183x146.jpg 183w, https:\/\/revistazetta.com\/wp-content\/uploads\/2016\/10\/Sanes-Carmona-50x40.jpg 50w, https:\/\/revistazetta.com\/wp-content\/uploads\/2016\/10\/Sanes-Carmona-94x75.jpg 94w, https:\/\/revistazetta.com\/wp-content\/uploads\/2016\/10\/Sanes-Carmona.jpg 591w\" sizes=\"auto, (max-width: 300px) 100vw, 300px\" \/> <img loading=\"lazy\" decoding=\"async\" class=\"alignright size-medium wp-image-16943\" src=\"https:\/\/www.revistazetta.com\/wp-content\/uploads\/2016\/10\/Dairo-Nando-Jairo-y-JuanMa-300x240.jpg\" alt=\"dairo-nando-jairo-y-juanma\" width=\"300\" height=\"240\" srcset=\"https:\/\/revistazetta.com\/wp-content\/uploads\/2016\/10\/Dairo-Nando-Jairo-y-JuanMa-300x240.jpg 300w, https:\/\/revistazetta.com\/wp-content\/uploads\/2016\/10\/Dairo-Nando-Jairo-y-JuanMa-183x146.jpg 183w, https:\/\/revistazetta.com\/wp-content\/uploads\/2016\/10\/Dairo-Nando-Jairo-y-JuanMa-50x40.jpg 50w, https:\/\/revistazetta.com\/wp-content\/uploads\/2016\/10\/Dairo-Nando-Jairo-y-JuanMa-94x75.jpg 94w, https:\/\/revistazetta.com\/wp-content\/uploads\/2016\/10\/Dairo-Nando-Jairo-y-JuanMa.jpg 591w\" sizes=\"auto, (max-width: 300px) 100vw, 300px\" \/> <img loading=\"lazy\" decoding=\"async\" class=\"alignright size-medium wp-image-16961\" src=\"https:\/\/www.revistazetta.com\/wp-content\/uploads\/2016\/10\/Padilla-y-coronel-300x240.jpg\" alt=\"padilla-y-coronel\" width=\"300\" height=\"240\" srcset=\"https:\/\/revistazetta.com\/wp-content\/uploads\/2016\/10\/Padilla-y-coronel-300x240.jpg 300w, https:\/\/revistazetta.com\/wp-content\/uploads\/2016\/10\/Padilla-y-coronel-183x146.jpg 183w, https:\/\/revistazetta.com\/wp-content\/uploads\/2016\/10\/Padilla-y-coronel-50x40.jpg 50w, https:\/\/revistazetta.com\/wp-content\/uploads\/2016\/10\/Padilla-y-coronel-94x75.jpg 94w, https:\/\/revistazetta.com\/wp-content\/uploads\/2016\/10\/Padilla-y-coronel.jpg 591w\" sizes=\"auto, (max-width: 300px) 100vw, 300px\" \/> <img loading=\"lazy\" decoding=\"async\" class=\"alignright size-medium wp-image-16940\" src=\"https:\/\/www.revistazetta.com\/wp-content\/uploads\/2016\/10\/Boris-Lucy-y-sacra-300x240.jpg\" alt=\"boris-lucy-y-sacra\" width=\"300\" height=\"240\" srcset=\"https:\/\/revistazetta.com\/wp-content\/uploads\/2016\/10\/Boris-Lucy-y-sacra-300x240.jpg 300w, https:\/\/revistazetta.com\/wp-content\/uploads\/2016\/10\/Boris-Lucy-y-sacra-183x146.jpg 183w, https:\/\/revistazetta.com\/wp-content\/uploads\/2016\/10\/Boris-Lucy-y-sacra-50x40.jpg 50w, https:\/\/revistazetta.com\/wp-content\/uploads\/2016\/10\/Boris-Lucy-y-sacra-94x75.jpg 94w, https:\/\/revistazetta.com\/wp-content\/uploads\/2016\/10\/Boris-Lucy-y-sacra.jpg 591w\" sizes=\"auto, (max-width: 300px) 100vw, 300px\" \/> <img loading=\"lazy\" decoding=\"async\" class=\"alignright size-medium wp-image-16960\" src=\"https:\/\/www.revistazetta.com\/wp-content\/uploads\/2016\/10\/Padaui-y-Ana-Patricia-300x240.jpg\" alt=\"padaui-y-ana-patricia\" width=\"300\" height=\"240\" srcset=\"https:\/\/revistazetta.com\/wp-content\/uploads\/2016\/10\/Padaui-y-Ana-Patricia-300x240.jpg 300w, https:\/\/revistazetta.com\/wp-content\/uploads\/2016\/10\/Padaui-y-Ana-Patricia-183x146.jpg 183w, https:\/\/revistazetta.com\/wp-content\/uploads\/2016\/10\/Padaui-y-Ana-Patricia-50x40.jpg 50w, https:\/\/revistazetta.com\/wp-content\/uploads\/2016\/10\/Padaui-y-Ana-Patricia-94x75.jpg 94w, https:\/\/revistazetta.com\/wp-content\/uploads\/2016\/10\/Padaui-y-Ana-Patricia.jpg 591w\" sizes=\"auto, (max-width: 300px) 100vw, 300px\" \/> <img loading=\"lazy\" decoding=\"async\" class=\"alignright size-medium wp-image-16941\" src=\"https:\/\/www.revistazetta.com\/wp-content\/uploads\/2016\/10\/Carolina-de-Pombo-300x240.jpg\" alt=\"carolina-de-pombo\" width=\"300\" height=\"240\" srcset=\"https:\/\/revistazetta.com\/wp-content\/uploads\/2016\/10\/Carolina-de-Pombo-300x240.jpg 300w, https:\/\/revistazetta.com\/wp-content\/uploads\/2016\/10\/Carolina-de-Pombo-183x146.jpg 183w, https:\/\/revistazetta.com\/wp-content\/uploads\/2016\/10\/Carolina-de-Pombo-50x40.jpg 50w, https:\/\/revistazetta.com\/wp-content\/uploads\/2016\/10\/Carolina-de-Pombo-94x75.jpg 94w, https:\/\/revistazetta.com\/wp-content\/uploads\/2016\/10\/Carolina-de-Pombo.jpg 591w\" sizes=\"auto, (max-width: 300px) 100vw, 300px\" \/> <img loading=\"lazy\" decoding=\"async\" class=\"alignright size-medium wp-image-16959\" src=\"https:\/\/www.revistazetta.com\/wp-content\/uploads\/2016\/10\/Nubia-Quevedo-300x240.jpg\" alt=\"nubia-quevedo\" width=\"300\" height=\"240\" srcset=\"https:\/\/revistazetta.com\/wp-content\/uploads\/2016\/10\/Nubia-Quevedo-300x240.jpg 300w, https:\/\/revistazetta.com\/wp-content\/uploads\/2016\/10\/Nubia-Quevedo-183x146.jpg 183w, https:\/\/revistazetta.com\/wp-content\/uploads\/2016\/10\/Nubia-Quevedo-50x40.jpg 50w, https:\/\/revistazetta.com\/wp-content\/uploads\/2016\/10\/Nubia-Quevedo-94x75.jpg 94w, https:\/\/revistazetta.com\/wp-content\/uploads\/2016\/10\/Nubia-Quevedo.jpg 591w\" sizes=\"auto, (max-width: 300px) 100vw, 300px\" \/> <img loading=\"lazy\" decoding=\"async\" class=\"alignright size-medium wp-image-16942\" src=\"https:\/\/www.revistazetta.com\/wp-content\/uploads\/2016\/10\/Daira-300x240.jpg\" alt=\"daira\" width=\"300\" height=\"240\" srcset=\"https:\/\/revistazetta.com\/wp-content\/uploads\/2016\/10\/Daira-300x240.jpg 300w, https:\/\/revistazetta.com\/wp-content\/uploads\/2016\/10\/Daira-183x146.jpg 183w, https:\/\/revistazetta.com\/wp-content\/uploads\/2016\/10\/Daira-50x40.jpg 50w, https:\/\/revistazetta.com\/wp-content\/uploads\/2016\/10\/Daira-94x75.jpg 94w, https:\/\/revistazetta.com\/wp-content\/uploads\/2016\/10\/Daira.jpg 591w\" sizes=\"auto, (max-width: 300px) 100vw, 300px\" \/> <img loading=\"lazy\" decoding=\"async\" class=\"alignright size-medium wp-image-16952\" src=\"https:\/\/www.revistazetta.com\/wp-content\/uploads\/2016\/10\/Mario-del-Castillo-300x240.jpg\" alt=\"mario-del-castillo\" width=\"300\" height=\"240\" srcset=\"https:\/\/revistazetta.com\/wp-content\/uploads\/2016\/10\/Mario-del-Castillo-300x240.jpg 300w, https:\/\/revistazetta.com\/wp-content\/uploads\/2016\/10\/Mario-del-Castillo-183x146.jpg 183w, https:\/\/revistazetta.com\/wp-content\/uploads\/2016\/10\/Mario-del-Castillo-50x40.jpg 50w, https:\/\/revistazetta.com\/wp-content\/uploads\/2016\/10\/Mario-del-Castillo-94x75.jpg 94w, https:\/\/revistazetta.com\/wp-content\/uploads\/2016\/10\/Mario-del-Castillo.jpg 591w\" sizes=\"auto, (max-width: 300px) 100vw, 300px\" \/> <img loading=\"lazy\" decoding=\"async\" class=\"alignright size-medium wp-image-16949\" src=\"https:\/\/www.revistazetta.com\/wp-content\/uploads\/2016\/10\/Jackeline-y-Mercedes-300x240.jpg\" alt=\"jackeline-y-mercedes\" width=\"300\" height=\"240\" srcset=\"https:\/\/revistazetta.com\/wp-content\/uploads\/2016\/10\/Jackeline-y-Mercedes-300x240.jpg 300w, https:\/\/revistazetta.com\/wp-content\/uploads\/2016\/10\/Jackeline-y-Mercedes-183x146.jpg 183w, https:\/\/revistazetta.com\/wp-content\/uploads\/2016\/10\/Jackeline-y-Mercedes-50x40.jpg 50w, https:\/\/revistazetta.com\/wp-content\/uploads\/2016\/10\/Jackeline-y-Mercedes-94x75.jpg 94w, https:\/\/revistazetta.com\/wp-content\/uploads\/2016\/10\/Jackeline-y-Mercedes.jpg 591w\" sizes=\"auto, (max-width: 300px) 100vw, 300px\" \/> <img loading=\"lazy\" decoding=\"async\" class=\"alignright size-medium wp-image-16950\" src=\"https:\/\/www.revistazetta.com\/wp-content\/uploads\/2016\/10\/Johan-y-Estelita-300x240.jpg\" alt=\"johan-y-estelita\" width=\"300\" height=\"240\" srcset=\"https:\/\/revistazetta.com\/wp-content\/uploads\/2016\/10\/Johan-y-Estelita-300x240.jpg 300w, https:\/\/revistazetta.com\/wp-content\/uploads\/2016\/10\/Johan-y-Estelita-183x146.jpg 183w, https:\/\/revistazetta.com\/wp-content\/uploads\/2016\/10\/Johan-y-Estelita-50x40.jpg 50w, https:\/\/revistazetta.com\/wp-content\/uploads\/2016\/10\/Johan-y-Estelita-94x75.jpg 94w, https:\/\/revistazetta.com\/wp-content\/uploads\/2016\/10\/Johan-y-Estelita.jpg 591w\" sizes=\"auto, (max-width: 300px) 100vw, 300px\" \/> <img loading=\"lazy\" decoding=\"async\" class=\"alignright size-medium wp-image-16946\" src=\"https:\/\/www.revistazetta.com\/wp-content\/uploads\/2016\/10\/Fejed-Al\u00ed-300x240.jpg\" alt=\"fejed-ali\" width=\"300\" height=\"240\" srcset=\"https:\/\/revistazetta.com\/wp-content\/uploads\/2016\/10\/Fejed-Al\u00ed-300x240.jpg 300w, https:\/\/revistazetta.com\/wp-content\/uploads\/2016\/10\/Fejed-Al\u00ed-183x146.jpg 183w, https:\/\/revistazetta.com\/wp-content\/uploads\/2016\/10\/Fejed-Al\u00ed-50x40.jpg 50w, https:\/\/revistazetta.com\/wp-content\/uploads\/2016\/10\/Fejed-Al\u00ed-94x75.jpg 94w, https:\/\/revistazetta.com\/wp-content\/uploads\/2016\/10\/Fejed-Al\u00ed.jpg 591w\" sizes=\"auto, (max-width: 300px) 100vw, 300px\" \/> <img loading=\"lazy\" decoding=\"async\" class=\"alignright size-medium wp-image-16951\" src=\"https:\/\/www.revistazetta.com\/wp-content\/uploads\/2016\/10\/Juan-Jos\u00e9-Garc\u00eda-300x240.jpg\" alt=\"juan-jose-garcia\" width=\"300\" height=\"240\" srcset=\"https:\/\/revistazetta.com\/wp-content\/uploads\/2016\/10\/Juan-Jos\u00e9-Garc\u00eda-300x240.jpg 300w, https:\/\/revistazetta.com\/wp-content\/uploads\/2016\/10\/Juan-Jos\u00e9-Garc\u00eda-183x146.jpg 183w, https:\/\/revistazetta.com\/wp-content\/uploads\/2016\/10\/Juan-Jos\u00e9-Garc\u00eda-50x40.jpg 50w, https:\/\/revistazetta.com\/wp-content\/uploads\/2016\/10\/Juan-Jos\u00e9-Garc\u00eda-94x75.jpg 94w, https:\/\/revistazetta.com\/wp-content\/uploads\/2016\/10\/Juan-Jos\u00e9-Garc\u00eda.jpg 591w\" sizes=\"auto, (max-width: 300px) 100vw, 300px\" \/><\/p>\n","protected":false},"excerpt":{"rendered":"<p>En el V Festival de Jazz de Mompox se dieron cita dirigentes pol\u00edticos, empresariales y gremiales de Cartagena y Bol\u00edvar, que quedaron registrados en el lente de John Zamora, director de Revista Zetta. &nbsp;<\/p>\n","protected":false},"author":3,"featured_media":16964,"comment_status":"open","ping_status":"closed","sticky":false,"template":"","format":"standard","meta":{"footnotes":"","_links_to":"","_links_to_target":""},"categories":[2,75],"tags":[],"class_list":["post-16939","post","type-post","status-publish","format-standard","has-post-thumbnail","hentry","category-actualidad","category-destacada"],"_links":{"self":[{"href":"https:\/\/revistazetta.com\/index.php?rest_route=\/wp\/v2\/posts\/16939","targetHints":{"allow":["GET"]}}],"collection":[{"href":"https:\/\/revistazetta.com\/index.php?rest_route=\/wp\/v2\/posts"}],"about":[{"href":"https:\/\/revistazetta.com\/index.php?rest_route=\/wp\/v2\/types\/post"}],"author":[{"embeddable":true,"href":"https:\/\/revistazetta.com\/index.php?rest_route=\/wp\/v2\/users\/3"}],"replies":[{"embeddable":true,"href":"https:\/\/revistazetta.com\/index.php?rest_route=%2Fwp%2Fv2%2Fcomments&post=16939"}],"version-history":[{"count":0,"href":"https:\/\/revistazetta.com\/index.php?rest_route=\/wp\/v2\/posts\/16939\/revisions"}],"wp:featuredmedia":[{"embeddable":true,"href":"https:\/\/revistazetta.com\/index.php?rest_route=\/wp\/v2\/media\/16964"}],"wp:attachment":[{"href":"https:\/\/revistazetta.com\/index.php?rest_route=%2Fwp%2Fv2%2Fmedia&parent=16939"}],"wp:term":[{"taxonomy":"category","embeddable":true,"href":"https:\/\/revistazetta.com\/index.php?rest_route=%2Fwp%2Fv2%2Fcategories&post=16939"},{"taxonomy":"post_tag","embeddable":true,"href":"https:\/\/revistazetta.com\/index.php?rest_route=%2Fwp%2Fv2%2Ftags&post=16939"}],"curies":[{"name":"wp","href":"https:\/\/api.w.org\/{rel}","templated":true}]}}