{"id":16965,"date":"2016-10-18T08:22:03","date_gmt":"2016-10-18T13:22:03","guid":{"rendered":"http:\/\/www.revistazetta.com\/?p=16965"},"modified":"2016-10-18T08:22:03","modified_gmt":"2016-10-18T13:22:03","slug":"orbita-politica-john-zamora-martes-18-octubre","status":"publish","type":"post","link":"https:\/\/revistazetta.com\/?p=16965","title":{"rendered":"\u00d3rbita Pol\u00edtica de John Zamora &#8211; Martes 18 de octubre"},"content":{"rendered":"<p><strong>En Mompox se sell\u00f3 acuerdo Montes-Padau\u00ed<\/strong><\/p>\n<p>Una foto confirm\u00f3 la alianza pol\u00edtica entre el grupo del exsenador conservador William Montes y el representante a la C\u00e1mara por Cambio Radical Hernando Padau\u00ed.<\/p>\n<p>El encuentro se verific\u00f3 en Mompox, a la luz del Festival de Jazz, donde acudieron para disfrutar de la fiesta cultural.<\/p>\n<p>La foto confirma la versi\u00f3n que en exclusiva public\u00f3 John Zamora, director de Revista Zetta (Montes y Padau\u00ed tantean alianza Senado-C\u00e1mara https:\/\/www.revistazetta.com\/?p=15613)<\/p>\n<p>Al verse sorprendidos por el lente de John Zamora, los dos dirigentes decidieron posar amablemente.<\/p>\n<p><img loading=\"lazy\" decoding=\"async\" class=\"size-medium wp-image-16953 alignleft\" src=\"https:\/\/www.revistazetta.com\/wp-content\/uploads\/2016\/10\/Montes-Pada-1-300x240.jpg\" alt=\"montes-pada-1\" width=\"300\" height=\"240\" srcset=\"https:\/\/revistazetta.com\/wp-content\/uploads\/2016\/10\/Montes-Pada-1-300x240.jpg 300w, https:\/\/revistazetta.com\/wp-content\/uploads\/2016\/10\/Montes-Pada-1-183x146.jpg 183w, https:\/\/revistazetta.com\/wp-content\/uploads\/2016\/10\/Montes-Pada-1-50x40.jpg 50w, https:\/\/revistazetta.com\/wp-content\/uploads\/2016\/10\/Montes-Pada-1-94x75.jpg 94w, https:\/\/revistazetta.com\/wp-content\/uploads\/2016\/10\/Montes-Pada-1.jpg 591w\" sizes=\"auto, (max-width: 300px) 100vw, 300px\" \/><\/p>\n<p><img loading=\"lazy\" decoding=\"async\" class=\"size-medium wp-image-16955 alignleft\" src=\"https:\/\/www.revistazetta.com\/wp-content\/uploads\/2016\/10\/Montes-Pada-3-300x240.jpg\" alt=\"montes-pada-3\" width=\"300\" height=\"240\" srcset=\"https:\/\/revistazetta.com\/wp-content\/uploads\/2016\/10\/Montes-Pada-3-300x240.jpg 300w, https:\/\/revistazetta.com\/wp-content\/uploads\/2016\/10\/Montes-Pada-3-183x146.jpg 183w, https:\/\/revistazetta.com\/wp-content\/uploads\/2016\/10\/Montes-Pada-3-50x40.jpg 50w, https:\/\/revistazetta.com\/wp-content\/uploads\/2016\/10\/Montes-Pada-3-94x75.jpg 94w, https:\/\/revistazetta.com\/wp-content\/uploads\/2016\/10\/Montes-Pada-3.jpg 591w\" sizes=\"auto, (max-width: 300px) 100vw, 300px\" \/><\/p>\n<p>&nbsp;<\/p>\n<p>&nbsp;<\/p>\n<p>&nbsp;<\/p>\n<p>&nbsp;<\/p>\n<p>&nbsp;<\/p>\n<p>&nbsp;<\/p>\n<p>&nbsp;<\/p>\n<p>&nbsp;<\/p>\n<p><img loading=\"lazy\" decoding=\"async\" class=\"size-medium wp-image-16954 alignleft\" src=\"https:\/\/www.revistazetta.com\/wp-content\/uploads\/2016\/10\/Montes-Pada-2-300x240.jpg\" alt=\"montes-pada-2\" width=\"300\" height=\"240\" srcset=\"https:\/\/revistazetta.com\/wp-content\/uploads\/2016\/10\/Montes-Pada-2-300x240.jpg 300w, https:\/\/revistazetta.com\/wp-content\/uploads\/2016\/10\/Montes-Pada-2-183x146.jpg 183w, https:\/\/revistazetta.com\/wp-content\/uploads\/2016\/10\/Montes-Pada-2-50x40.jpg 50w, https:\/\/revistazetta.com\/wp-content\/uploads\/2016\/10\/Montes-Pada-2-94x75.jpg 94w, https:\/\/revistazetta.com\/wp-content\/uploads\/2016\/10\/Montes-Pada-2.jpg 591w\" sizes=\"auto, (max-width: 300px) 100vw, 300px\" \/><\/p>\n<p>&nbsp;<\/p>\n<p>&nbsp;<\/p>\n<p><img loading=\"lazy\" decoding=\"async\" class=\"size-medium wp-image-16956 alignleft\" src=\"https:\/\/www.revistazetta.com\/wp-content\/uploads\/2016\/10\/Montes-Pada-4-300x240.jpg\" alt=\"montes-pada-4\" width=\"300\" height=\"240\" srcset=\"https:\/\/revistazetta.com\/wp-content\/uploads\/2016\/10\/Montes-Pada-4-300x240.jpg 300w, https:\/\/revistazetta.com\/wp-content\/uploads\/2016\/10\/Montes-Pada-4-183x146.jpg 183w, https:\/\/revistazetta.com\/wp-content\/uploads\/2016\/10\/Montes-Pada-4-50x40.jpg 50w, https:\/\/revistazetta.com\/wp-content\/uploads\/2016\/10\/Montes-Pada-4-94x75.jpg 94w, https:\/\/revistazetta.com\/wp-content\/uploads\/2016\/10\/Montes-Pada-4.jpg 591w\" sizes=\"auto, (max-width: 300px) 100vw, 300px\" \/><\/p>\n<p>&nbsp;<\/p>\n<p>&nbsp;<\/p>\n<p>&nbsp;<\/p>\n<p>&nbsp;<\/p>\n<p>&nbsp;<\/p>\n<p>&nbsp;<\/p>\n<p>&nbsp;<\/p>\n<p>&nbsp;<\/p>\n<p><strong>El espionaje al S\u00ed, seg\u00fan video de Noticias Uno <\/strong><\/p>\n<p>El noticiero Noticias Uno La Red Independiente, que ha venido etiquetando al pastor Miguel Arr\u00e1zola por sus posiciones pol\u00edticas en el uribismo y como promotor del No, public\u00f3 un video en su emisi\u00f3n de este lunes como \u201cLa imagen del d\u00eda\u201d, donde muestra a un grupo de j\u00f3venes a favor del S\u00ed reunidos en el parque situado en frente de la iglesia R\u00edos de Vida, que sorprenden a dos hombres. Esto public\u00f3 el noticiero:<\/p>\n<p><a href=\"https:\/\/www.youtube.com\/watch?v=JJ8sUPLkEPI\" target=\"_blank\" rel=\"noopener\">https:\/\/www.youtube.com\/watch?v=JJ8sUPLkEPI<\/a><\/p>\n<p>Dos hombres estaban espiando la manifestaci\u00f3n de veinte estudiantes en Cartagena frente a la iglesia evang\u00e9lica del pastor Miguel Arr\u00e1zola, promotor del \u2018No\u2019 al plebiscito. Los hombres que hab\u00edan llegado en dos carros blindados bajaron para amenazarlos y se identificaron como miembros del grupo de sicarios Pepes, famosos por haber matado a Pablo Escobar.<\/p>\n<p>&nbsp;<\/p>\n<p>&nbsp;<\/p>\n<p><strong>Sin pueblo, reinado es nada<\/strong><\/p>\n<p>Todo apunta a que el Reinado de la Independencia de Cartagena es el gran ganador con la nueva fecha del Concurso Nacional de Belleza. Al alcalde manolo duque le est\u00e1n lloviendo los respaldos: el gobernador de Bol\u00edvar anuncia este martes su aporte; el gobernador de Antioquia ratific\u00f3 el respaldo anunciado; se espera que los clubes Cartagena, Uni\u00f3n y de Profesionales anuncien que mantienen en pie sus fiestas, con las reinas populares en lugar de las departamentales.<\/p>\n<p>Lo que s\u00ed est\u00e1 claro es que a RCN le va a quedar \u201ccuell\u00fao\u201d un reality o producci\u00f3n similar para promover su franquicia a Miss Universo, pues todo reinado en Colombia es popular. Sin pueblo, reinado es nada. Sin Cartagena, reinado nacional es nada.<\/p>\n","protected":false},"excerpt":{"rendered":"<p>En Mompox se sell\u00f3 acuerdo Montes-Padau\u00ed Una foto confirm\u00f3 la alianza pol\u00edtica entre el grupo del exsenador conservador William Montes y el representante a la C\u00e1mara por Cambio Radical Hernando Padau\u00ed. El encuentro se verific\u00f3 en Mompox, a la luz del Festival de Jazz, donde acudieron para disfrutar de la fiesta cultural. La foto confirma la versi\u00f3n que en exclusiva public\u00f3 John Zamora, director de Revista Zetta (Montes y Padau\u00ed tantean alianza Senado-C\u00e1mara https:\/\/www.revistazetta.com\/?p=15613) Al verse sorprendidos por el lente de John Zamora, los dos dirigentes decidieron posar amablemente. &nbsp;&#8230; <\/p>\n","protected":false},"author":3,"featured_media":16966,"comment_status":"open","ping_status":"closed","sticky":false,"template":"","format":"standard","meta":{"footnotes":"","_links_to":"","_links_to_target":""},"categories":[75,47,44,45],"tags":[],"class_list":["post-16965","post","type-post","status-publish","format-standard","has-post-thumbnail","hentry","category-destacada","category-john-zamora","category-materiagris","category-orbita"],"_links":{"self":[{"href":"https:\/\/revistazetta.com\/index.php?rest_route=\/wp\/v2\/posts\/16965","targetHints":{"allow":["GET"]}}],"collection":[{"href":"https:\/\/revistazetta.com\/index.php?rest_route=\/wp\/v2\/posts"}],"about":[{"href":"https:\/\/revistazetta.com\/index.php?rest_route=\/wp\/v2\/types\/post"}],"author":[{"embeddable":true,"href":"https:\/\/revistazetta.com\/index.php?rest_route=\/wp\/v2\/users\/3"}],"replies":[{"embeddable":true,"href":"https:\/\/revistazetta.com\/index.php?rest_route=%2Fwp%2Fv2%2Fcomments&post=16965"}],"version-history":[{"count":0,"href":"https:\/\/revistazetta.com\/index.php?rest_route=\/wp\/v2\/posts\/16965\/revisions"}],"wp:featuredmedia":[{"embeddable":true,"href":"https:\/\/revistazetta.com\/index.php?rest_route=\/wp\/v2\/media\/16966"}],"wp:attachment":[{"href":"https:\/\/revistazetta.com\/index.php?rest_route=%2Fwp%2Fv2%2Fmedia&parent=16965"}],"wp:term":[{"taxonomy":"category","embeddable":true,"href":"https:\/\/revistazetta.com\/index.php?rest_route=%2Fwp%2Fv2%2Fcategories&post=16965"},{"taxonomy":"post_tag","embeddable":true,"href":"https:\/\/revistazetta.com\/index.php?rest_route=%2Fwp%2Fv2%2Ftags&post=16965"}],"curies":[{"name":"wp","href":"https:\/\/api.w.org\/{rel}","templated":true}]}}