{"id":16970,"date":"2016-10-18T16:10:00","date_gmt":"2016-10-18T21:10:00","guid":{"rendered":"http:\/\/www.revistazetta.com\/?p=16970"},"modified":"2016-10-18T16:10:00","modified_gmt":"2016-10-18T21:10:00","slug":"pechiche-total-fiestas-independencia-innovador-programa-mas-respaldo","status":"publish","type":"post","link":"https:\/\/revistazetta.com\/?p=16970","title":{"rendered":"\u201cPechiche total\u201d a Fiestas de Independencia: innovador programa y m\u00e1s respaldo"},"content":{"rendered":"<p><img loading=\"lazy\" decoding=\"async\" class=\"size-medium wp-image-16972 alignleft\" src=\"https:\/\/www.revistazetta.com\/wp-content\/uploads\/2016\/10\/2016-10-18-PHOTO-00016391-300x200.jpg\" alt=\"2016-10-18-photo-00016391\" width=\"300\" height=\"200\" srcset=\"https:\/\/revistazetta.com\/wp-content\/uploads\/2016\/10\/2016-10-18-PHOTO-00016391-300x200.jpg 300w, https:\/\/revistazetta.com\/wp-content\/uploads\/2016\/10\/2016-10-18-PHOTO-00016391-219x146.jpg 219w, https:\/\/revistazetta.com\/wp-content\/uploads\/2016\/10\/2016-10-18-PHOTO-00016391-50x33.jpg 50w, https:\/\/revistazetta.com\/wp-content\/uploads\/2016\/10\/2016-10-18-PHOTO-00016391-112x75.jpg 112w, https:\/\/revistazetta.com\/wp-content\/uploads\/2016\/10\/2016-10-18-PHOTO-00016391.jpg 943w\" sizes=\"auto, (max-width: 300px) 100vw, 300px\" \/>Las Fiestas de Independencia de este a\u00f1o prometen ser las mejores de la historia. Ese es el prop\u00f3sito del alcalde de Cartagena, Manolo Duque, quien dio a conocer el innovador programa, acompa\u00f1ado del gobernador de Bol\u00edvar, Dumek Turbay, quien tambi\u00e9n se vincula de lleno a la organizaci\u00f3n.<br \/>\nManolo y Dumek concedieron una rueda de prensa este martes en el que el alcalde anunci\u00f3 que habr\u00e1 \u201cRemates de Independencia\u201d en distintos barrios, al tiempo que el gobernador asumi\u00f3 el patrocinio para las fiestas en Canapote y Manga.<br \/>\nLa agenda cultural anunciada por el alcalde es esta:<br \/>\nMi\u00e9rcoles 9 de Noviembre \u2013 Desfile de Fantas\u00eda, en honor al realismo m\u00e1gico de Gabriel Garc\u00eda M\u00e1rquez en la Plaza de la Aduana.<br \/>\nJueves 10 de Noviembre \u2013 Desfile en Vestido de Ba\u00f1o. Por primera cambia de lugar y en esta ocasi\u00f3n se realizar\u00e1 en Las Tenazas, con una gran puesta en escena y un s\u00faper concierto de cierre.<br \/>\nViernes 11 de Noviembre \u2013 Batalla de Flores. Mostrar\u00e1 todo el valor hist\u00f3rico y cultural que tiene Cartagena, Bol\u00edvar y los diferentes departamentos que se han vinculado a las fiestas.<br \/>\nDe igual modo, fueron escogidas 10 plazas de distintos barrios de las localidades, en las que se har\u00e1 \u201cEl Remate de la Independencia\u201d a trav\u00e9s de diferentes g\u00e9neros musicales, dependiendo las din\u00e1micas de cada barrio, representados en salsa, champeta, vallenato, gaita y otros.<br \/>\nS\u00e1bado 12 de Noviembre &#8211; Desfile por los cuerpos de agua, como una apuesta de compromiso ambiental y responsabilidad social de las candidatas. En horas de la noche ser\u00e1 el desfile de la diversidad sexual.<br \/>\nDomingo 13 de Noviembre \u2013 Cabildo de Getseman\u00ed el cual finalizar\u00e1 en el estadio de s\u00f3ftbol de Chiquinquir\u00e1 con la gran coronaci\u00f3n de la nueva Reina de Independencia.<br \/>\nLos eventos culturales contar\u00e1n con todo el valor de nuestros artistas locales, artistas nacionales y un gran cantante de talla internacional, los cuales ser\u00e1n confirmados en los pr\u00f3ximos d\u00edas.<br \/>\nEl gobernador de Bol\u00edvar, Dumek Turbay, asumi\u00f3 la responsabilidad de patrocinar las fiestas de los barrios Canapote y Manga. A su vez, el alcalde mayor de Cartagena Manolo Duque, se comprometi\u00f3 en consolidar las Fiestas de Independencia como las mejores del pa\u00eds.<br \/>\nSin duda, Cartagena est\u00e1 preparada para disfrutar las mejores Fiestas y se espera que esta alianza entre el Gobierno de Primero la Gente y Bol\u00edvar S\u00ed Avanza, abra la oportunidad para que de ahora en adelante, la ciudad cuente con unas fiestas para todos, que exalten el valor real al 11 de noviembre y est\u00e9n posicionadas en todo el pa\u00eds, no solo como patrimonio inmaterial, sino como uno de los eventos al que los colombianos no pueden faltar.<\/p>\n","protected":false},"excerpt":{"rendered":"<p>Las Fiestas de Independencia de este a\u00f1o prometen ser las mejores de la historia. Ese es el prop\u00f3sito del alcalde de Cartagena, Manolo Duque, quien dio a conocer el innovador programa, acompa\u00f1ado del gobernador de Bol\u00edvar, Dumek Turbay, quien tambi\u00e9n se vincula de lleno a la organizaci\u00f3n. Manolo y Dumek concedieron una rueda de prensa este martes en el que el alcalde anunci\u00f3 que habr\u00e1 \u201cRemates de Independencia\u201d en distintos barrios, al tiempo que el gobernador asumi\u00f3 el patrocinio para las fiestas en Canapote y Manga. La agenda cultural anunciada&#8230; <\/p>\n","protected":false},"author":3,"featured_media":16971,"comment_status":"open","ping_status":"closed","sticky":false,"template":"","format":"standard","meta":{"footnotes":"","_links_to":"","_links_to_target":""},"categories":[41,75],"tags":[],"class_list":["post-16970","post","type-post","status-publish","format-standard","has-post-thumbnail","hentry","category-cultura","category-destacada"],"_links":{"self":[{"href":"https:\/\/revistazetta.com\/index.php?rest_route=\/wp\/v2\/posts\/16970","targetHints":{"allow":["GET"]}}],"collection":[{"href":"https:\/\/revistazetta.com\/index.php?rest_route=\/wp\/v2\/posts"}],"about":[{"href":"https:\/\/revistazetta.com\/index.php?rest_route=\/wp\/v2\/types\/post"}],"author":[{"embeddable":true,"href":"https:\/\/revistazetta.com\/index.php?rest_route=\/wp\/v2\/users\/3"}],"replies":[{"embeddable":true,"href":"https:\/\/revistazetta.com\/index.php?rest_route=%2Fwp%2Fv2%2Fcomments&post=16970"}],"version-history":[{"count":0,"href":"https:\/\/revistazetta.com\/index.php?rest_route=\/wp\/v2\/posts\/16970\/revisions"}],"wp:featuredmedia":[{"embeddable":true,"href":"https:\/\/revistazetta.com\/index.php?rest_route=\/wp\/v2\/media\/16971"}],"wp:attachment":[{"href":"https:\/\/revistazetta.com\/index.php?rest_route=%2Fwp%2Fv2%2Fmedia&parent=16970"}],"wp:term":[{"taxonomy":"category","embeddable":true,"href":"https:\/\/revistazetta.com\/index.php?rest_route=%2Fwp%2Fv2%2Fcategories&post=16970"},{"taxonomy":"post_tag","embeddable":true,"href":"https:\/\/revistazetta.com\/index.php?rest_route=%2Fwp%2Fv2%2Ftags&post=16970"}],"curies":[{"name":"wp","href":"https:\/\/api.w.org\/{rel}","templated":true}]}}