{"id":16974,"date":"2016-10-18T17:04:04","date_gmt":"2016-10-18T22:04:04","guid":{"rendered":"http:\/\/www.revistazetta.com\/?p=16974"},"modified":"2016-10-18T17:04:04","modified_gmt":"2016-10-18T22:04:04","slug":"escuelas-sociodeportivas-del-real-madrid-cartagena-acercan-mas-ninos-al-deporte","status":"publish","type":"post","link":"https:\/\/revistazetta.com\/?p=16974","title":{"rendered":"Escuelas Sociodeportivas del Real Madrid en Cartagena acercan a m\u00e1s ni\u00f1os al deporte"},"content":{"rendered":"<p>Gracias al convenio \u2018Escuelas Sociodeportivas del Real Madrid\u2019, logrado por LA Administraci\u00f3n Distrital con el programa de Cooperaci\u00f3n Internacional y el Ider, m\u00e1s de 400 ni\u00f1os ser\u00e1n capacitados de una manera \u00fanica bajo lineamientos de valores y trabajo en equipo, que ser\u00e1n los pilares en sus actividades.  <\/p>\n<p>Durante el fin de semana instructores deportivos del Distrito recibieron  la implementaci\u00f3n deportiva para  iniciar este martes la capacitaci\u00f3n y  formaci\u00f3n de 400 ni\u00f1os de diferentes sectores de la ciudad, especialmente aquellos de zonas vulnerables.<\/p>\n<p>\u201cMuy felices de que ya inicien hoy las capacitaciones con los ni\u00f1os y llegar a sus barrios, ya que muchos quiz\u00e1s no tienen los 5 mil pesos para las pr\u00e1cticas. Hoy llegamos a ellos gracias a este convenio con la fundaci\u00f3n Real Madrid\u201d, dijo el alcalde de Cartagena, Manolo Duque.<\/p>\n<p>Este convenio tendr\u00e1 oficialmente su lanzamiento en el mes de noviembre  y cuenta con el apoyo de Findeter, el BID el Ider y la oficina de Cooperaci\u00f3n Internacional de la Alcald\u00eda de Cartagena. <\/p>\n<p>\u201cEs motivo de orgullo que una escuela como la del Real Madrid est\u00e9 en Cartagena, sobre todo en las zonas m\u00e1s vulnerables. Vamos a formar muchos ni\u00f1os en materia deportiva, ser\u00e1n 400 ni\u00f1os practicando f\u00fatbol con 20 profesores muy bien preparados quienes estar\u00e1n en  4 zonas: V\u00eda Perimetral, 200 ni\u00f1os, barrio Santa Clara 100 ni\u00f1os y la zona de Sociedad Portuaria donde habr\u00e1n 100 ni\u00f1os m\u00e1s\u201d, explic\u00f3 Hernando Pertuz, director del Ider.<\/p>\n<p>En el Estadio Jaime Mor\u00f3n y en el de San Fernando estar\u00e1n los capacitadores y docentes con los ni\u00f1os iniciando las actividades.<\/p>\n<p>\u201cEstos convenios son muy buenos para los j\u00f3venes de la ciudad. Nosotros como Oficina de Cooperaci\u00f3n apoyamos en  la articulaci\u00f3n de todo el proyecto y hoy dentro del convenio ya hemos cumplido con la entrega de los implementos de los profesores con esto, ya pasamos a impactar a los ni\u00f1os con las capacitaciones y por petici\u00f3n del alcalde la gran inauguraci\u00f3n ser\u00e1 el 3 de noviembre\u00bb, dijo Luis Dunoyer, director de la oficina de Cooperaci\u00f3n Internacional del Distrito.<\/p>\n","protected":false},"excerpt":{"rendered":"<p>Gracias al convenio \u2018Escuelas Sociodeportivas del Real Madrid\u2019, logrado por LA Administraci\u00f3n Distrital con el programa de Cooperaci\u00f3n Internacional y el Ider, m\u00e1s de 400 ni\u00f1os ser\u00e1n capacitados de una manera \u00fanica bajo lineamientos de valores y trabajo en equipo, que ser\u00e1n los pilares en sus actividades. Durante el fin de semana instructores deportivos del Distrito recibieron la implementaci\u00f3n deportiva para iniciar este martes la capacitaci\u00f3n y formaci\u00f3n de 400 ni\u00f1os de diferentes sectores de la ciudad, especialmente aquellos de zonas vulnerables. \u201cMuy felices de que ya inicien hoy las&#8230; <\/p>\n","protected":false},"author":3,"featured_media":16977,"comment_status":"open","ping_status":"closed","sticky":false,"template":"","format":"standard","meta":{"footnotes":"","_links_to":"","_links_to_target":""},"categories":[89,53],"tags":[],"class_list":["post-16974","post","type-post","status-publish","format-standard","has-post-thumbnail","hentry","category-ider","category-deportes"],"_links":{"self":[{"href":"https:\/\/revistazetta.com\/index.php?rest_route=\/wp\/v2\/posts\/16974","targetHints":{"allow":["GET"]}}],"collection":[{"href":"https:\/\/revistazetta.com\/index.php?rest_route=\/wp\/v2\/posts"}],"about":[{"href":"https:\/\/revistazetta.com\/index.php?rest_route=\/wp\/v2\/types\/post"}],"author":[{"embeddable":true,"href":"https:\/\/revistazetta.com\/index.php?rest_route=\/wp\/v2\/users\/3"}],"replies":[{"embeddable":true,"href":"https:\/\/revistazetta.com\/index.php?rest_route=%2Fwp%2Fv2%2Fcomments&post=16974"}],"version-history":[{"count":0,"href":"https:\/\/revistazetta.com\/index.php?rest_route=\/wp\/v2\/posts\/16974\/revisions"}],"wp:featuredmedia":[{"embeddable":true,"href":"https:\/\/revistazetta.com\/index.php?rest_route=\/wp\/v2\/media\/16977"}],"wp:attachment":[{"href":"https:\/\/revistazetta.com\/index.php?rest_route=%2Fwp%2Fv2%2Fmedia&parent=16974"}],"wp:term":[{"taxonomy":"category","embeddable":true,"href":"https:\/\/revistazetta.com\/index.php?rest_route=%2Fwp%2Fv2%2Fcategories&post=16974"},{"taxonomy":"post_tag","embeddable":true,"href":"https:\/\/revistazetta.com\/index.php?rest_route=%2Fwp%2Fv2%2Ftags&post=16974"}],"curies":[{"name":"wp","href":"https:\/\/api.w.org\/{rel}","templated":true}]}}