{"id":16979,"date":"2016-10-18T17:20:01","date_gmt":"2016-10-18T22:20:01","guid":{"rendered":"http:\/\/www.revistazetta.com\/?p=16979"},"modified":"2016-10-18T17:20:01","modified_gmt":"2016-10-18T22:20:01","slug":"capturadas-41-personas-porte-ilegal-armas-diferentes-barrios-cartagena","status":"publish","type":"post","link":"https:\/\/revistazetta.com\/?p=16979","title":{"rendered":"Capturadas 41 personas por porte ilegal de armas en diferentes barrios de Cartagena"},"content":{"rendered":"<p>Con el trabajo articulado entre la Polic\u00eda Metropolitana, Armada Nacional y Capitan\u00eda de Puerto, en las \u00faltimas semanas 41 personas fueron capturadas en flagrancia por el delito de porte ilegal de armas, entre ellos seis menores de edad. Igualmente las autoridades se incautaron de 11 armas de fuego y la Fiscal\u00eda judicializ\u00f3 al mismo n\u00famero de capturados.<\/p>\n<p>\u201cEstos son resultados bastante positivos, en especial porque son 11 armas menos que no est\u00e1n en la calle. Estamos realizando controles permanentes en los barrios de las tres localidades para que los ciudadanos sientan que la autoridad est\u00e1 combatiendo la delincuencia,\u201d, afirm\u00f3 Fernando Ni\u00f1o Mendoza, Secretario del Interior y Convivencia Ciudadana.<\/p>\n<p>El funcionario asegur\u00f3 que las capturas se dieron principalmente en los barrios Pie de la Popa, donde est\u00e1 vigente el decreto que restringe  el uso del parrillero en motocicletas, Los Calamares, 20 de julio y 7 de agosto. Tambi\u00e9n inform\u00f3 que se presenta una disminuci\u00f3n del 12 por ciento en los homicidios, es decir 24 casos menos que en el 2015.<\/p>\n<p>\u201cLa cifras respaldan la medida que tomamos de restringir la  venta y consumo de licor los d\u00edas domingo y lunes en barrios y corregimientos. Los operativos con la Polic\u00eda son constantes y los comerciantes han entendido y respetado la norma\u201d, dijo Ni\u00f1o Mendoza.<\/p>\n","protected":false},"excerpt":{"rendered":"<p>Con el trabajo articulado entre la Polic\u00eda Metropolitana, Armada Nacional y Capitan\u00eda de Puerto, en las \u00faltimas semanas 41 personas fueron capturadas en flagrancia por el delito de porte ilegal de armas, entre ellos seis menores de edad. Igualmente las autoridades se incautaron de 11 armas de fuego y la Fiscal\u00eda judicializ\u00f3 al mismo n\u00famero de capturados. \u201cEstos son resultados bastante positivos, en especial porque son 11 armas menos que no est\u00e1n en la calle. Estamos realizando controles permanentes en los barrios de las tres localidades para que los ciudadanos&#8230; <\/p>\n","protected":false},"author":3,"featured_media":0,"comment_status":"open","ping_status":"closed","sticky":false,"template":"","format":"standard","meta":{"footnotes":"","_links_to":"","_links_to_target":""},"categories":[88,32],"tags":[],"class_list":["post-16979","post","type-post","status-publish","format-standard","hentry","category-seguridad","category-actualidad-distrito"],"_links":{"self":[{"href":"https:\/\/revistazetta.com\/index.php?rest_route=\/wp\/v2\/posts\/16979","targetHints":{"allow":["GET"]}}],"collection":[{"href":"https:\/\/revistazetta.com\/index.php?rest_route=\/wp\/v2\/posts"}],"about":[{"href":"https:\/\/revistazetta.com\/index.php?rest_route=\/wp\/v2\/types\/post"}],"author":[{"embeddable":true,"href":"https:\/\/revistazetta.com\/index.php?rest_route=\/wp\/v2\/users\/3"}],"replies":[{"embeddable":true,"href":"https:\/\/revistazetta.com\/index.php?rest_route=%2Fwp%2Fv2%2Fcomments&post=16979"}],"version-history":[{"count":0,"href":"https:\/\/revistazetta.com\/index.php?rest_route=\/wp\/v2\/posts\/16979\/revisions"}],"wp:attachment":[{"href":"https:\/\/revistazetta.com\/index.php?rest_route=%2Fwp%2Fv2%2Fmedia&parent=16979"}],"wp:term":[{"taxonomy":"category","embeddable":true,"href":"https:\/\/revistazetta.com\/index.php?rest_route=%2Fwp%2Fv2%2Fcategories&post=16979"},{"taxonomy":"post_tag","embeddable":true,"href":"https:\/\/revistazetta.com\/index.php?rest_route=%2Fwp%2Fv2%2Ftags&post=16979"}],"curies":[{"name":"wp","href":"https:\/\/api.w.org\/{rel}","templated":true}]}}