{"id":16980,"date":"2016-10-18T17:33:35","date_gmt":"2016-10-18T22:33:35","guid":{"rendered":"http:\/\/www.revistazetta.com\/?p=16980"},"modified":"2016-10-18T17:33:35","modified_gmt":"2016-10-18T22:33:35","slug":"maraton-pedagogica-una-mejor-calidad-educativa-bolivar","status":"publish","type":"post","link":"https:\/\/revistazetta.com\/?p=16980","title":{"rendered":"\u201cMarat\u00f3n Pedag\u00f3gica\u201d para una mejor calidad educativa en Bol\u00edvar"},"content":{"rendered":"<p>M\u00e1s de 500 rectores y coordinadores de 16 municipios del departamento se han capacitado con la \u201cMarat\u00f3n Pedag\u00f3gica\u201d, que busca dejar capacidad instalada en las escuelas para impulsar pol\u00edticas y estrategias en materia de cobertura, permanencia, calidad y pertinencia, en concordancia con los planes sectoriales y lo que plantea el plan de desarrollo departamental \u201cBol\u00edvar Si Avanza\u201d, que lidera el gobernador Dumek Turbay Paz.<\/p>\n<p>La denominada \u201cMarat\u00f3n Pedag\u00f3gica\u201d apunta a metas de resultados identificadas  y  objetivos que est\u00e1n entrelazadas con los planes de acci\u00f3n para los directivos de las 224 instituciones educativas, en diferentes puntos del departamento de Bol\u00edvar y cuyas tem\u00e1ticas se encaminan al mejoramiento de los modelos pedag\u00f3gicos, el fortalecimiento curricular que incluye los Derechos B\u00e1sicos de Aprendizaje, ambientes escolares y manuales de convivencia.<\/p>\n<p>La Secretar\u00eda de Educaci\u00f3n, a trav\u00e9s de la  unidad de Calidad, ha dise\u00f1ado como base estrat\u00e9gica del proyecto,  el trabajo colaborativo, de las cuales incrementa la motivaci\u00f3n interna y externa de los participantes, con videos, disertaci\u00f3n, preguntas, ejemplos, sensibilizaci\u00f3n, discurso y din\u00e1micas,  que incluyen a los directivos en un pensamiento de crecimiento y potencializaci\u00f3n del personal docente.<\/p>\n<p>Manuel Antonio Azuero Angulo, primera autoridad educativa en el departamento dijo que la idea es generar una corresponsabilidad con todos los actores de la educaci\u00f3n para mejorar los aprendizajes de los ni\u00f1os, ni\u00f1as y j\u00f3venes del departamento.<\/p>\n<p>Estas Maratones Pedag\u00f3gicas cerraran con un gran foro educativo en la primera semana de noviembre del 2016, que incluir\u00e1 los puntos para el Plan Decenal de Educaci\u00f3n, que posteriormente ser\u00e1n enviados al Ministerio de Educaci\u00f3n Nacional, y se espera la participaci\u00f3n de todos los actores educativos y sociales.<\/p>\n<p>Hasta la fecha se han impactado positivamente a rectores y coordinadores de los municipios de  Turbaco, Turbana, Santa Catalina, Santa Rosa de Lima, Villanueva, San Estanislao de Kostka, Soplaviento, Marialabaja, Clemencia, El Carmen de Bol\u00edvar, Zambrano, San Juan, Mompox, Talaigua, Cicuco, San Fernando y Margarita.<\/p>\n","protected":false},"excerpt":{"rendered":"<p>M\u00e1s de 500 rectores y coordinadores de 16 municipios del departamento se han capacitado con la \u201cMarat\u00f3n Pedag\u00f3gica\u201d, que busca dejar capacidad instalada en las escuelas para impulsar pol\u00edticas y estrategias en materia de cobertura, permanencia, calidad y pertinencia, en concordancia con los planes sectoriales y lo que plantea el plan de desarrollo departamental \u201cBol\u00edvar Si Avanza\u201d, que lidera el gobernador Dumek Turbay Paz. La denominada \u201cMarat\u00f3n Pedag\u00f3gica\u201d apunta a metas de resultados identificadas y objetivos que est\u00e1n entrelazadas con los planes de acci\u00f3n para los directivos de las 224&#8230; <\/p>\n","protected":false},"author":3,"featured_media":16981,"comment_status":"open","ping_status":"closed","sticky":false,"template":"","format":"standard","meta":{"footnotes":"","_links_to":"","_links_to_target":""},"categories":[33],"tags":[],"class_list":["post-16980","post","type-post","status-publish","format-standard","has-post-thumbnail","hentry","category-actualidad-bolivar"],"_links":{"self":[{"href":"https:\/\/revistazetta.com\/index.php?rest_route=\/wp\/v2\/posts\/16980","targetHints":{"allow":["GET"]}}],"collection":[{"href":"https:\/\/revistazetta.com\/index.php?rest_route=\/wp\/v2\/posts"}],"about":[{"href":"https:\/\/revistazetta.com\/index.php?rest_route=\/wp\/v2\/types\/post"}],"author":[{"embeddable":true,"href":"https:\/\/revistazetta.com\/index.php?rest_route=\/wp\/v2\/users\/3"}],"replies":[{"embeddable":true,"href":"https:\/\/revistazetta.com\/index.php?rest_route=%2Fwp%2Fv2%2Fcomments&post=16980"}],"version-history":[{"count":0,"href":"https:\/\/revistazetta.com\/index.php?rest_route=\/wp\/v2\/posts\/16980\/revisions"}],"wp:featuredmedia":[{"embeddable":true,"href":"https:\/\/revistazetta.com\/index.php?rest_route=\/wp\/v2\/media\/16981"}],"wp:attachment":[{"href":"https:\/\/revistazetta.com\/index.php?rest_route=%2Fwp%2Fv2%2Fmedia&parent=16980"}],"wp:term":[{"taxonomy":"category","embeddable":true,"href":"https:\/\/revistazetta.com\/index.php?rest_route=%2Fwp%2Fv2%2Fcategories&post=16980"},{"taxonomy":"post_tag","embeddable":true,"href":"https:\/\/revistazetta.com\/index.php?rest_route=%2Fwp%2Fv2%2Ftags&post=16980"}],"curies":[{"name":"wp","href":"https:\/\/api.w.org\/{rel}","templated":true}]}}