{"id":16983,"date":"2016-10-19T05:57:41","date_gmt":"2016-10-19T10:57:41","guid":{"rendered":"http:\/\/www.revistazetta.com\/?p=16983"},"modified":"2016-10-19T05:57:41","modified_gmt":"2016-10-19T10:57:41","slug":"estos-los-beneficiados-los-estimulos-del-ipcc-construyamos-juntos-2016","status":"publish","type":"post","link":"https:\/\/revistazetta.com\/?p=16983","title":{"rendered":"Estos son los beneficiados con los est\u00edmulos del IPCC \u2018Construyamos Juntos\u2019 2016"},"content":{"rendered":"<p>El  Instituto de Patrimonio y Cultura de Cartagena (IPCC), notifica a toda la poblaci\u00f3n cartagenera, los resultados de los proyectos subsanables referentes a la Convocatoria de Est\u00edmulos \u2018Construyamos Juntos\u2019 2016.<\/p>\n<p>La convocatoria, que estuvo abierta entre el 8 de agosto y el 9 de septiembre, tiene como principal prop\u00f3sito fortalecer las creaciones culturales de los cartageneros. El presupuesto destinado es de $250 millones, repartidos en 21 est\u00edmulos, para impulsar las  \u00e1reas de creaci\u00f3n, formaci\u00f3n, circulaci\u00f3n e investigaci\u00f3n art\u00edstica y cultural de Cartagena, tal como lo establece el Estado a trav\u00e9s de las normas que regulan todo lo relacionado con la cultura.<\/p>\n<p>Tras la evaluaci\u00f3n individual de cada uno de los 71 proyectos habilitados en la convocatoria, el 10 de octubre en las instalaciones del Teatro Adolfo Mej\u00eda, se reunieron los jurados que fueron nombrados mediante resoluci\u00f3n 112 del 28 de septiembre, para realizar la socializaci\u00f3n de sus apreciaciones sobre cada proyecto y elegir los beneficiados. <\/p>\n<p>Los proyectos beneficiados con sus respectivas organizaciones o personas a cargo son los siguientes:<\/p>\n<p>PERSONA BENEFICIADA\/\tNOMBRE PROYECTO<\/p>\n<p>CORPORACI\u00d3N CULTURAL TEATRO ESTABLE EL AGUIJON\/  <strong>LEYENDAS DE UNA CUIDAD HISTORICA<\/strong><\/p>\n<p>FUSFI\tFESTIVAL CULTURAL DE NIDOS \/  <strong>ARTISTICOS UCG 6<\/strong><\/p>\n<p>CORPORACI\u00d3N CULTURAL ARRABALES\/\t <strong>FESTIVAL DE SALSA CARTAGENA EN CLAVE<\/strong><\/p>\n<p>CORPORACI\u00d3N COLEGIO DEL CUERPO\/  <strong>INXILIO EL SENDERO DE LAGRIMAS<\/strong><\/p>\n<p>JESUS MARIA TABORDA PUELLO\/  <strong>\u00abCON MI NUEVA GENERACION\u00bb<\/strong><\/p>\n<p>FUNDACI\u00d3N ARTVI\t\/  <strong>ENCUENTRO DE ARTES PLASTICAS Y VISUALES.<\/strong><\/p>\n<p>CORPORACI\u00d3N CONTRADISCURSO\/  <strong>HAZ MEMORIA TIERRA BAJA.<\/strong><\/p>\n<p>CORPORACI\u00d3N RHEMA\/  <strong>CREARTE CON INCLUSI\u00d3N, UN ENFOQUE DESDE LA DISCAPACIDAD EN LA ISLA DE BOCACHICA<\/strong><\/p>\n<p>FUNDACION CULTURAL LLAMARADA\/  <strong>ESPACIOS CONSTRUCTORES DE PAZ EN EL POSTCONFLICTO<\/strong><\/p>\n<p>MART\u00cdN SALAS \u00c1VILA\/  <strong>LECTURA PARA ANGELES<\/strong><\/p>\n<p>HENRY GONZALEZ GONZALEZ\/  S<strong>ONIDOS DE PAZ FASE I.<\/strong><\/p>\n<p>ISABELA RESTREPO MEJ\u00cdA\/  <strong>1ER ENCUENTRO DE LA RED DE MUSEOS DE CARTAGENA Y BOLIVAR<\/strong><\/p>\n<p>CORPORACI\u00d3N CULTURAL ATABAQUES\/  <strong>PARTICIPACI\u00d3N EN EL MERCADO DE INDUSTRIAS CULTURALES DE MICSUR 2016<\/strong><\/p>\n<p>CRISTIAN RIVAS GALVAN\/  <strong>FIESTA ERES T\u00da, FIESTA SOY YO 2016<\/strong><\/p>\n<p>IVAN GONZALEZGARCIA\/  <strong>LEER LAS FIESTAS<\/strong><\/p>\n<p>JAIME SANCHEZ\/  <strong>RECETARIO VIRTUAL DEL PAISAJE GASTRON\u00d3MICO DE CARTAGENA.<\/strong><\/p>\n<p>CINE INDIAS\/  <strong>MUSEO AUDIOVISUAL ITINERANTE<\/strong><\/p>\n<p>la terna de jurados estuvo compuesta por la psic\u00f3loga social Luz Coy, proveniente de Tunja, quien es especialista en Educaci\u00f3n y Cultura, magister en Psicolog\u00eda de la Salud y Discapacidad, y master en Neuropsicolog\u00eda; de Cali Leydi Henao, economista, especializada en evaluaci\u00f3n social de proyectos, y docente de gesti\u00f3n cultural de la Universidad Javeriana de Cali, entre otras experiencias;  y el Licenciado en Pedagog\u00eda Musical y Magister en educaci\u00f3n con \u00e9nfasis en docencia universitaria, Leonardo Garz\u00f3n Ortiz, proveniente de Bogot\u00e1.<\/p>\n<p>En lo trascurrido del a\u00f1o 2016, el IPCC suma ocho procesos de convocatorias cuyo valor sobrepasa los $1.000 millones.<br \/>\nPara conocer el acta de la Convocatoria Est\u00edmulos \u201cConstruyamos Juntos 2016\u201d consulte el siguiente link<\/p>\n<p><a href=\"https:\/\/www.ipcc.gov.co\/index.php\/2012-05-04-13-41-54\/convocatorias\/item\/1738-convocatoria-estimulos-construyamos-juntos-2016\" target=\"_blank\" rel=\"noopener\">https:\/\/www.ipcc.gov.co\/index.php\/2012-05-04-13-41-54\/convocatorias\/item\/1738-convocatoria-estimulos-construyamos-juntos-2016<\/a><\/p>\n","protected":false},"excerpt":{"rendered":"<p>El Instituto de Patrimonio y Cultura de Cartagena (IPCC), notifica a toda la poblaci\u00f3n cartagenera, los resultados de los proyectos subsanables referentes a la Convocatoria de Est\u00edmulos \u2018Construyamos Juntos\u2019 2016. La convocatoria, que estuvo abierta entre el 8 de agosto y el 9 de septiembre, tiene como principal prop\u00f3sito fortalecer las creaciones culturales de los cartageneros. El presupuesto destinado es de $250 millones, repartidos en 21 est\u00edmulos, para impulsar las \u00e1reas de creaci\u00f3n, formaci\u00f3n, circulaci\u00f3n e investigaci\u00f3n art\u00edstica y cultural de Cartagena, tal como lo establece el Estado a trav\u00e9s&#8230; <\/p>\n","protected":false},"author":3,"featured_media":0,"comment_status":"open","ping_status":"closed","sticky":false,"template":"","format":"standard","meta":{"footnotes":"","_links_to":"","_links_to_target":""},"categories":[41],"tags":[],"class_list":["post-16983","post","type-post","status-publish","format-standard","hentry","category-cultura"],"_links":{"self":[{"href":"https:\/\/revistazetta.com\/index.php?rest_route=\/wp\/v2\/posts\/16983","targetHints":{"allow":["GET"]}}],"collection":[{"href":"https:\/\/revistazetta.com\/index.php?rest_route=\/wp\/v2\/posts"}],"about":[{"href":"https:\/\/revistazetta.com\/index.php?rest_route=\/wp\/v2\/types\/post"}],"author":[{"embeddable":true,"href":"https:\/\/revistazetta.com\/index.php?rest_route=\/wp\/v2\/users\/3"}],"replies":[{"embeddable":true,"href":"https:\/\/revistazetta.com\/index.php?rest_route=%2Fwp%2Fv2%2Fcomments&post=16983"}],"version-history":[{"count":0,"href":"https:\/\/revistazetta.com\/index.php?rest_route=\/wp\/v2\/posts\/16983\/revisions"}],"wp:attachment":[{"href":"https:\/\/revistazetta.com\/index.php?rest_route=%2Fwp%2Fv2%2Fmedia&parent=16983"}],"wp:term":[{"taxonomy":"category","embeddable":true,"href":"https:\/\/revistazetta.com\/index.php?rest_route=%2Fwp%2Fv2%2Fcategories&post=16983"},{"taxonomy":"post_tag","embeddable":true,"href":"https:\/\/revistazetta.com\/index.php?rest_route=%2Fwp%2Fv2%2Ftags&post=16983"}],"curies":[{"name":"wp","href":"https:\/\/api.w.org\/{rel}","templated":true}]}}