{"id":16987,"date":"2016-10-19T14:08:48","date_gmt":"2016-10-19T19:08:48","guid":{"rendered":"http:\/\/www.revistazetta.com\/?p=16987"},"modified":"2016-10-19T18:44:00","modified_gmt":"2016-10-19T23:44:00","slug":"planeacion-distrital-ausente-presentacion-del-presupuesto-2017","status":"publish","type":"post","link":"https:\/\/revistazetta.com\/?p=16987","title":{"rendered":"\u00bfConcejo volver\u00e1 a entonar la melod\u00eda de la Moci\u00f3n de Cesura?"},"content":{"rendered":"<p>El Concejo de Cartagena arreci\u00f3 sus cr\u00edticas a la secretaria de Planeaci\u00f3n Distrital, Luz Helena Paternina, esta vez por su ausencia al debate donde se inici\u00f3 la discusi\u00f3n del presupuesto 2017, y abri\u00f3 la posibilidad de una moci\u00f3n de censura.<\/p>\n<p>El concejal Rafael Meza puso a consideraci\u00f3n la proposici\u00f3n de aplicar moci\u00f3n de censura para Paternina asegurado que su inasistencia adem\u00e1s de una irresponsabilidad es una falta de respeto hacia el Concejo Distrital.<\/p>\n<p>El concejal Cesar Pi\u00f3n pidi\u00f3 reportar a la Administraci\u00f3n el hecho y notificar la no presencia y falta de cumplimiento de la funcionaria, que no present\u00f3 excusa de ninguna clase ni deleg\u00f3 a un represente que la supliera con el fin de atender la petici\u00f3n del Concejo.<\/p>\n<p>Un fallido proceso de moci\u00f3n de censura vivi\u00f3 la anterior secretaria de Planeaci\u00f3n, Dolly Gonz\u00e1lez, a quien la mayor\u00eda de concejales vot\u00f3 para aplicarle la sanci\u00f3n, pero no alcanzaron los votos necesarios que exige la ley. En esa ocasi\u00f3n, el gobierno de Dionisio V\u00e9lez se emple\u00f3 a fondo para impedir que la funcionaria recibiera ese castigo, y a \u00faltima hora se deslizaron a favor del gobierno un par de concejales que supuestamente estaba \u00abfirmes\u00bb con la sanci\u00f3n pol\u00edtica.<\/p>\n","protected":false},"excerpt":{"rendered":"<p>El Concejo de Cartagena arreci\u00f3 sus cr\u00edticas a la secretaria de Planeaci\u00f3n Distrital, Luz Helena Paternina, esta vez por su ausencia al debate donde se inici\u00f3 la discusi\u00f3n del presupuesto 2017, y abri\u00f3 la posibilidad de una moci\u00f3n de censura. El concejal Rafael Meza puso a consideraci\u00f3n la proposici\u00f3n de aplicar moci\u00f3n de censura para Paternina asegurado que su inasistencia adem\u00e1s de una irresponsabilidad es una falta de respeto hacia el Concejo Distrital. El concejal Cesar Pi\u00f3n pidi\u00f3 reportar a la Administraci\u00f3n el hecho y notificar la no presencia y&#8230; <\/p>\n","protected":false},"author":3,"featured_media":16997,"comment_status":"open","ping_status":"closed","sticky":false,"template":"","format":"standard","meta":{"footnotes":"","_links_to":"","_links_to_target":""},"categories":[27,75,4],"tags":[],"class_list":["post-16987","post","type-post","status-publish","format-standard","has-post-thumbnail","hentry","category-politicaconcejo","category-destacada","category-politica"],"_links":{"self":[{"href":"https:\/\/revistazetta.com\/index.php?rest_route=\/wp\/v2\/posts\/16987","targetHints":{"allow":["GET"]}}],"collection":[{"href":"https:\/\/revistazetta.com\/index.php?rest_route=\/wp\/v2\/posts"}],"about":[{"href":"https:\/\/revistazetta.com\/index.php?rest_route=\/wp\/v2\/types\/post"}],"author":[{"embeddable":true,"href":"https:\/\/revistazetta.com\/index.php?rest_route=\/wp\/v2\/users\/3"}],"replies":[{"embeddable":true,"href":"https:\/\/revistazetta.com\/index.php?rest_route=%2Fwp%2Fv2%2Fcomments&post=16987"}],"version-history":[{"count":0,"href":"https:\/\/revistazetta.com\/index.php?rest_route=\/wp\/v2\/posts\/16987\/revisions"}],"wp:featuredmedia":[{"embeddable":true,"href":"https:\/\/revistazetta.com\/index.php?rest_route=\/wp\/v2\/media\/16997"}],"wp:attachment":[{"href":"https:\/\/revistazetta.com\/index.php?rest_route=%2Fwp%2Fv2%2Fmedia&parent=16987"}],"wp:term":[{"taxonomy":"category","embeddable":true,"href":"https:\/\/revistazetta.com\/index.php?rest_route=%2Fwp%2Fv2%2Fcategories&post=16987"},{"taxonomy":"post_tag","embeddable":true,"href":"https:\/\/revistazetta.com\/index.php?rest_route=%2Fwp%2Fv2%2Ftags&post=16987"}],"curies":[{"name":"wp","href":"https:\/\/api.w.org\/{rel}","templated":true}]}}