{"id":16991,"date":"2016-10-19T15:01:14","date_gmt":"2016-10-19T20:01:14","guid":{"rendered":"http:\/\/www.revistazetta.com\/?p=16991"},"modified":"2016-10-19T15:01:14","modified_gmt":"2016-10-19T20:01:14","slug":"convocatoria-publica-elegir-secretario-general-del-concejo-distrital-2017","status":"publish","type":"post","link":"https:\/\/revistazetta.com\/?p=16991","title":{"rendered":"Convocatoria p\u00fablica para elegir secretario general del Concejo Distrital para 2017"},"content":{"rendered":"<p>Inicia la convocatoria p\u00fablica abierta para proveer el cargo de Secretario General del Concejo de Cartagena convoca a para la vigencia fiscal 2017. La corporaci\u00f3n firmar\u00e1 un convenio interadministrativo, con una entidad p\u00fablica o privada, con el objeto de aunar esfuerzos t\u00e9cnicos, administrativos, operativos entre la entidad y el Concejo Distrital de Cartagena, asesorando las diferentes etapas de la convocatoria p\u00fablica que adelante el concejo y para el dise\u00f1o, aplicaci\u00f3n, calificaci\u00f3n y resoluci\u00f3n de las reclamaciones de la prueba de conocimiento y valoraci\u00f3n de los estudios y experiencia.<\/p>\n<p>Las diferentes etapas de la convocatoria estar\u00e1n sujetas a los principios de publicidad, transparencia, participaci\u00f3n ciudadana, libertad de concurrencia, eficacia y eficiencia.<\/p>\n<p>Para participar en el proceso, se requiere ser ciudadano Colombiano en ejercicio, acreditar t\u00edtulo profesional y no encontrarse incurso en las causales constitucionales y legales de inhabilidad e incompatibilidad o prohibiciones para desempe\u00f1ar empleos p\u00fablicos.<\/p>\n<p>El Secretario General se elegir\u00e1 una vez sea conformada la terna, con los tres mejores puntajes, para la vigencia fiscal 2017.<\/p>\n<p>Para garantizar la libertad de concurrencia, participaci\u00f3n y publicidad la mesa Directiva desarrollar\u00e1 la convocatoria a trav\u00e9s de los medios virtuales (publicaci\u00f3n en p\u00e1gina web del Concejo Distrital \u2013 www.concejocartagena.gov.co), con el que cuenta el concejo en los t\u00e9rminos del c\u00f3digo de procedimiento administrativo y de lo contencioso administrativo.<\/p>\n","protected":false},"excerpt":{"rendered":"<p>Inicia la convocatoria p\u00fablica abierta para proveer el cargo de Secretario General del Concejo de Cartagena convoca a para la vigencia fiscal 2017. La corporaci\u00f3n firmar\u00e1 un convenio interadministrativo, con una entidad p\u00fablica o privada, con el objeto de aunar esfuerzos t\u00e9cnicos, administrativos, operativos entre la entidad y el Concejo Distrital de Cartagena, asesorando las diferentes etapas de la convocatoria p\u00fablica que adelante el concejo y para el dise\u00f1o, aplicaci\u00f3n, calificaci\u00f3n y resoluci\u00f3n de las reclamaciones de la prueba de conocimiento y valoraci\u00f3n de los estudios y experiencia. Las diferentes&#8230; <\/p>\n","protected":false},"author":3,"featured_media":0,"comment_status":"open","ping_status":"closed","sticky":false,"template":"","format":"standard","meta":{"footnotes":"","_links_to":"","_links_to_target":""},"categories":[27],"tags":[],"class_list":["post-16991","post","type-post","status-publish","format-standard","hentry","category-politicaconcejo"],"_links":{"self":[{"href":"https:\/\/revistazetta.com\/index.php?rest_route=\/wp\/v2\/posts\/16991","targetHints":{"allow":["GET"]}}],"collection":[{"href":"https:\/\/revistazetta.com\/index.php?rest_route=\/wp\/v2\/posts"}],"about":[{"href":"https:\/\/revistazetta.com\/index.php?rest_route=\/wp\/v2\/types\/post"}],"author":[{"embeddable":true,"href":"https:\/\/revistazetta.com\/index.php?rest_route=\/wp\/v2\/users\/3"}],"replies":[{"embeddable":true,"href":"https:\/\/revistazetta.com\/index.php?rest_route=%2Fwp%2Fv2%2Fcomments&post=16991"}],"version-history":[{"count":0,"href":"https:\/\/revistazetta.com\/index.php?rest_route=\/wp\/v2\/posts\/16991\/revisions"}],"wp:attachment":[{"href":"https:\/\/revistazetta.com\/index.php?rest_route=%2Fwp%2Fv2%2Fmedia&parent=16991"}],"wp:term":[{"taxonomy":"category","embeddable":true,"href":"https:\/\/revistazetta.com\/index.php?rest_route=%2Fwp%2Fv2%2Fcategories&post=16991"},{"taxonomy":"post_tag","embeddable":true,"href":"https:\/\/revistazetta.com\/index.php?rest_route=%2Fwp%2Fv2%2Ftags&post=16991"}],"curies":[{"name":"wp","href":"https:\/\/api.w.org\/{rel}","templated":true}]}}