{"id":16992,"date":"2016-10-19T15:30:00","date_gmt":"2016-10-19T20:30:00","guid":{"rendered":"http:\/\/www.revistazetta.com\/?p=16992"},"modified":"2016-10-19T18:45:32","modified_gmt":"2016-10-19T23:45:32","slug":"cartagena-ya-reina-del-adulto-mayor","status":"publish","type":"post","link":"https:\/\/revistazetta.com\/?p=16992","title":{"rendered":"Cartagena ya tiene su reina del Adulto Mayor"},"content":{"rendered":"<p>Con la presencia de la primera dama del Distrito, Viviana S\u00e1nchez de Duque, la Secretar\u00eda de Participaci\u00f3n y Desarrollo Social, eligi\u00f3 y coron\u00f3 a la Reina del Adulto Mayor de Cartagena, en un evento realizado el teatro Adolfo Mej\u00eda.<\/p>\n<p>Con la participaci\u00f3n  de m\u00e1s de 150 adultos mayores de los centros de vida y grupos organizados de la ciudad, se llev\u00f3 a cabo este evento, durante el cual, representantes de cada localidad pasaron a la pasarela con atuendos dise\u00f1ados con material reciclable, en  homenaje al medio ambiente, a las riquezas del mar, a Cartagena la Fant\u00e1stica, patrimonio cultural, zona insular, palma de coco, Cartagena y la belleza de la Guajira.<\/p>\n<p>El grupo vallenato Los Cachones, y Nelson y sus Estrellas, mantuvieron animados  a los abuelitos que se encontraban en el lugar. Al final, fue elegida como la reina del Adulto Mayor del Distrito, la representante de la Localidad Tres, Maritza Guardela V\u00e1squez, quien luci\u00f3 un vestido que llevaba por nombre \u00abCartagena la Fant\u00e1stica\u00bb.<\/p>\n<p>Miguel \u00c1ngel Ram\u00edrez, adulto mayor del centro de vida de Ciudadela 2000,  se\u00f1al\u00f3 que se siente satisfecho con el gobierno Primero la Gente. \u201cEstoy completamente agradecido porque eso nos hace sentir como gente importante y nos da ganas de seguir viviendo, muy complacido de los bailes y todas las presentaciones, el ambiente  y a ustedes porque nos quieren mucho y nos tienen muy en cuenta\u201d.<\/p>\n","protected":false},"excerpt":{"rendered":"<p>Con la presencia de la primera dama del Distrito, Viviana S\u00e1nchez de Duque, la Secretar\u00eda de Participaci\u00f3n y Desarrollo Social, eligi\u00f3 y coron\u00f3 a la Reina del Adulto Mayor de Cartagena, en un evento realizado el teatro Adolfo Mej\u00eda. Con la participaci\u00f3n de m\u00e1s de 150 adultos mayores de los centros de vida y grupos organizados de la ciudad, se llev\u00f3 a cabo este evento, durante el cual, representantes de cada localidad pasaron a la pasarela con atuendos dise\u00f1ados con material reciclable, en homenaje al medio ambiente, a las riquezas&#8230; <\/p>\n","protected":false},"author":3,"featured_media":16993,"comment_status":"open","ping_status":"closed","sticky":false,"template":"","format":"standard","meta":{"footnotes":"","_links_to":"","_links_to_target":""},"categories":[32,75],"tags":[],"class_list":["post-16992","post","type-post","status-publish","format-standard","has-post-thumbnail","hentry","category-actualidad-distrito","category-destacada"],"_links":{"self":[{"href":"https:\/\/revistazetta.com\/index.php?rest_route=\/wp\/v2\/posts\/16992","targetHints":{"allow":["GET"]}}],"collection":[{"href":"https:\/\/revistazetta.com\/index.php?rest_route=\/wp\/v2\/posts"}],"about":[{"href":"https:\/\/revistazetta.com\/index.php?rest_route=\/wp\/v2\/types\/post"}],"author":[{"embeddable":true,"href":"https:\/\/revistazetta.com\/index.php?rest_route=\/wp\/v2\/users\/3"}],"replies":[{"embeddable":true,"href":"https:\/\/revistazetta.com\/index.php?rest_route=%2Fwp%2Fv2%2Fcomments&post=16992"}],"version-history":[{"count":0,"href":"https:\/\/revistazetta.com\/index.php?rest_route=\/wp\/v2\/posts\/16992\/revisions"}],"wp:featuredmedia":[{"embeddable":true,"href":"https:\/\/revistazetta.com\/index.php?rest_route=\/wp\/v2\/media\/16993"}],"wp:attachment":[{"href":"https:\/\/revistazetta.com\/index.php?rest_route=%2Fwp%2Fv2%2Fmedia&parent=16992"}],"wp:term":[{"taxonomy":"category","embeddable":true,"href":"https:\/\/revistazetta.com\/index.php?rest_route=%2Fwp%2Fv2%2Fcategories&post=16992"},{"taxonomy":"post_tag","embeddable":true,"href":"https:\/\/revistazetta.com\/index.php?rest_route=%2Fwp%2Fv2%2Ftags&post=16992"}],"curies":[{"name":"wp","href":"https:\/\/api.w.org\/{rel}","templated":true}]}}