{"id":17015,"date":"2016-10-20T07:04:04","date_gmt":"2016-10-20T12:04:04","guid":{"rendered":"http:\/\/www.revistazetta.com\/?p=17015"},"modified":"2016-10-20T07:04:04","modified_gmt":"2016-10-20T12:04:04","slug":"reinas-la-independencia-coadyuvaran-campanas-del-datt","status":"publish","type":"post","link":"https:\/\/revistazetta.com\/?p=17015","title":{"rendered":"Reinas de la Independencia coadyuvar\u00e1n en campa\u00f1as del DATT"},"content":{"rendered":"<p> Con el \u00e1nimo de contribuir en su formaci\u00f3n como l\u00edderes y a fin de que que coadyuven en el mejoramiento de una cultura vial en sus comunidades, el  Departamento Administrativo de Tr\u00e1nsito y Transporte, DATT, inici\u00f3 una serie de capacitaciones en educaci\u00f3n vial con las aspirantes al Reinado de la Independencia 2016.<\/p>\n<p>Las reinas iniciaron su ciclo de capacitaci\u00f3n con el director del DATT, Edilberto Mendoza Goez, qui\u00e9n las conmin\u00f3 a replicar los mensajes de respeto a las normas y se\u00f1ales de tr\u00e1nsito en sus comunidades y a participar activamente en las diversas  campa\u00f1as de prevenci\u00f3n que realiza la instituci\u00f3n.<\/p>\n<p>Las 32 aspirantes participar\u00e1n desde el lunes pr\u00f3ximo en una campa\u00f1a de concientizaci\u00f3n a peatones en diversas zonas de la ciudad, iniciando por el sector La Castellana.<\/p>\n<p>Alicia Barrios, representante del barrio Altos del Campestre, y Sari Marrugo, del barrio Los Olivos, coincidieron en comprometerse a replicar los conocimientos adquiridos y a promover buenos h\u00e1bitos de educaci\u00f3n vial en sus comunidades.<\/p>\n<p>Est\u00e1n convencidas de que las candidatas son las caras visibles de sus comunidades y como tal est\u00e1n obligadas a replicar los mensajes sobre buen comportamiento y conciencia ciudadana en las v\u00edas.<\/p>\n<p>El director del DATT, Edilberto Mendoza Goez, se\u00f1al\u00f3 que se aspira, con estas capacitaciones, sensibilizar a las candidatas sobre el respeto a las normas de tr\u00e1nsito y  que estas son normas de vida por las cuales debe existir el respeto a fin de disminuir los \u00edndices de accidentalidad en Cartagena<\/p>\n","protected":false},"excerpt":{"rendered":"<p>Con el \u00e1nimo de contribuir en su formaci\u00f3n como l\u00edderes y a fin de que que coadyuven en el mejoramiento de una cultura vial en sus comunidades, el Departamento Administrativo de Tr\u00e1nsito y Transporte, DATT, inici\u00f3 una serie de capacitaciones en educaci\u00f3n vial con las aspirantes al Reinado de la Independencia 2016. Las reinas iniciaron su ciclo de capacitaci\u00f3n con el director del DATT, Edilberto Mendoza Goez, qui\u00e9n las conmin\u00f3 a replicar los mensajes de respeto a las normas y se\u00f1ales de tr\u00e1nsito en sus comunidades y a participar activamente&#8230; <\/p>\n","protected":false},"author":3,"featured_media":17017,"comment_status":"open","ping_status":"closed","sticky":false,"template":"","format":"standard","meta":{"footnotes":"","_links_to":"","_links_to_target":""},"categories":[32],"tags":[],"class_list":["post-17015","post","type-post","status-publish","format-standard","has-post-thumbnail","hentry","category-actualidad-distrito"],"_links":{"self":[{"href":"https:\/\/revistazetta.com\/index.php?rest_route=\/wp\/v2\/posts\/17015","targetHints":{"allow":["GET"]}}],"collection":[{"href":"https:\/\/revistazetta.com\/index.php?rest_route=\/wp\/v2\/posts"}],"about":[{"href":"https:\/\/revistazetta.com\/index.php?rest_route=\/wp\/v2\/types\/post"}],"author":[{"embeddable":true,"href":"https:\/\/revistazetta.com\/index.php?rest_route=\/wp\/v2\/users\/3"}],"replies":[{"embeddable":true,"href":"https:\/\/revistazetta.com\/index.php?rest_route=%2Fwp%2Fv2%2Fcomments&post=17015"}],"version-history":[{"count":0,"href":"https:\/\/revistazetta.com\/index.php?rest_route=\/wp\/v2\/posts\/17015\/revisions"}],"wp:featuredmedia":[{"embeddable":true,"href":"https:\/\/revistazetta.com\/index.php?rest_route=\/wp\/v2\/media\/17017"}],"wp:attachment":[{"href":"https:\/\/revistazetta.com\/index.php?rest_route=%2Fwp%2Fv2%2Fmedia&parent=17015"}],"wp:term":[{"taxonomy":"category","embeddable":true,"href":"https:\/\/revistazetta.com\/index.php?rest_route=%2Fwp%2Fv2%2Fcategories&post=17015"},{"taxonomy":"post_tag","embeddable":true,"href":"https:\/\/revistazetta.com\/index.php?rest_route=%2Fwp%2Fv2%2Ftags&post=17015"}],"curies":[{"name":"wp","href":"https:\/\/api.w.org\/{rel}","templated":true}]}}