{"id":17022,"date":"2016-10-20T07:26:44","date_gmt":"2016-10-20T12:26:44","guid":{"rendered":"http:\/\/www.revistazetta.com\/?p=17022"},"modified":"2016-10-20T07:27:42","modified_gmt":"2016-10-20T12:27:42","slug":"vuelve-la-libertad-cataluna-anulan-prohibicion-los-toros","status":"publish","type":"post","link":"https:\/\/revistazetta.com\/?p=17022","title":{"rendered":"Vuelve la libertad a Catalu\u00f1a: anulan prohibici\u00f3n a los toros"},"content":{"rendered":"<p>El Tribunal Constitucional de Espa\u00f1a ha anulado este jueves la ley catalana que prohib\u00eda las corridas de toros, al considerar que la norma invad\u00eda la competencia del Estado en materia de Cultura. La decisi\u00f3n de anular el art\u00edculo 1 de la Ley se ha adoptado por 8 votos a 3 y habr\u00e1 un voto particular favorable a la constitucionalidad de la norma.<br \/>\nEl razonamiento seguido por la mayor\u00eda de los magistrados es que Catalu\u00f1a tiene competencia para regular los espect\u00e1culos p\u00fablicos y para proteger a los animales, y que dentro de esas competencias podr\u00eda incluir, en principio, la prohibici\u00f3n de las corridas con el fin de proteger a los animales.<br \/>\nSin embargo, en este caso hay que tener en cuenta que, por ley, la tauromaquia ha sido declarada por el Estado patrimonio cultural, raz\u00f3n por la que la prohibici\u00f3n tambi\u00e9n invadir\u00eda competencias estatales en materia de cultura. Por este motivo la prohibici\u00f3n quedaba fuera de las competencias de la Generalitat.<br \/>\nEl Tribunal considera que al ejercer su competencia para la regulaci\u00f3n de los espect\u00e1culos p\u00fablicos, la Generalitat ha \u00abmenoscabado\u00bb la competencia del Estado para la \u00abpreservaci\u00f3n del patrimonio cultural com\u00fan\u00bb, condici\u00f3n que las corridas de toros tienen atribuida por ley. Ha sido ponente de la resoluci\u00f3n la Magistrada Encarnaci\u00f3n Roca. La sentencia cuenta con el voto particular discrepante de la Vicepresidenta, Adela Asua Batarrita y de los Magistrados, Fernando Vald\u00e9s Dal-R\u00e9 y Juan Antonio Xiol Rios.<br \/>\nDetalla que el precepto recurrido se inscribe tanto en el \u00e1mbito de la protecci\u00f3n de los animales como en el de la regulaci\u00f3n de los espect\u00e1culos p\u00fablicos, materias cuya competencia corresponde a la Generalitat. En cualquier caso, el ejercicio de esas competencias por la Comunidad Aut\u00f3noma ha de \u00abcohonestarse\u00bb con las que la Constituci\u00f3n reserva al Estado.<br \/>\nSeg\u00fan los magistrados, la norma recurrida, al incluir la prohibici\u00f3n de las corridas de toros en el ejercicio de la competencia auton\u00f3mica sobre espect\u00e1culos p\u00fablicos, \u00abmenoscaba las competencias estatales en materia de cultura, en cuanto que afecta a una manifestaci\u00f3n com\u00fan e impide en Catalu\u00f1a el ejercicio de la competencia estatal dirigida a conservar esa tradici\u00f3n cultural (&#8230;)\u00bb.<\/p>\n","protected":false},"excerpt":{"rendered":"<p>El Tribunal Constitucional de Espa\u00f1a ha anulado este jueves la ley catalana que prohib\u00eda las corridas de toros, al considerar que la norma invad\u00eda la competencia del Estado en materia de Cultura. La decisi\u00f3n de anular el art\u00edculo 1 de la Ley se ha adoptado por 8 votos a 3 y habr\u00e1 un voto particular favorable a la constitucionalidad de la norma. El razonamiento seguido por la mayor\u00eda de los magistrados es que Catalu\u00f1a tiene competencia para regular los espect\u00e1culos p\u00fablicos y para proteger a los animales, y que dentro&#8230; <\/p>\n","protected":false},"author":3,"featured_media":17023,"comment_status":"open","ping_status":"closed","sticky":false,"template":"","format":"standard","meta":{"footnotes":"","_links_to":"","_links_to_target":""},"categories":[2,75,36],"tags":[],"class_list":["post-17022","post","type-post","status-publish","format-standard","has-post-thumbnail","hentry","category-actualidad","category-destacada","category-actualidad-mundo"],"_links":{"self":[{"href":"https:\/\/revistazetta.com\/index.php?rest_route=\/wp\/v2\/posts\/17022","targetHints":{"allow":["GET"]}}],"collection":[{"href":"https:\/\/revistazetta.com\/index.php?rest_route=\/wp\/v2\/posts"}],"about":[{"href":"https:\/\/revistazetta.com\/index.php?rest_route=\/wp\/v2\/types\/post"}],"author":[{"embeddable":true,"href":"https:\/\/revistazetta.com\/index.php?rest_route=\/wp\/v2\/users\/3"}],"replies":[{"embeddable":true,"href":"https:\/\/revistazetta.com\/index.php?rest_route=%2Fwp%2Fv2%2Fcomments&post=17022"}],"version-history":[{"count":0,"href":"https:\/\/revistazetta.com\/index.php?rest_route=\/wp\/v2\/posts\/17022\/revisions"}],"wp:featuredmedia":[{"embeddable":true,"href":"https:\/\/revistazetta.com\/index.php?rest_route=\/wp\/v2\/media\/17023"}],"wp:attachment":[{"href":"https:\/\/revistazetta.com\/index.php?rest_route=%2Fwp%2Fv2%2Fmedia&parent=17022"}],"wp:term":[{"taxonomy":"category","embeddable":true,"href":"https:\/\/revistazetta.com\/index.php?rest_route=%2Fwp%2Fv2%2Fcategories&post=17022"},{"taxonomy":"post_tag","embeddable":true,"href":"https:\/\/revistazetta.com\/index.php?rest_route=%2Fwp%2Fv2%2Ftags&post=17022"}],"curies":[{"name":"wp","href":"https:\/\/api.w.org\/{rel}","templated":true}]}}