{"id":17038,"date":"2016-10-20T15:31:56","date_gmt":"2016-10-20T20:31:56","guid":{"rendered":"http:\/\/www.revistazetta.com\/?p=17038"},"modified":"2016-10-20T17:42:02","modified_gmt":"2016-10-20T22:42:02","slug":"reinado-la-independencia-semillero-belleza-talento-tipo-exportacion","status":"publish","type":"post","link":"https:\/\/revistazetta.com\/?p=17038","title":{"rendered":"Reinado de la Independencia, semillero de belleza y talento tipo exportaci\u00f3n"},"content":{"rendered":"<p>Los diferentes logros que han obtenido diferentes reinas populares de Cartagena a lo largo de los a\u00f1os, dejan ver al Reinado de la Independencia como un semillero de mujeres bellas y talentosas de tipo exortaci\u00f3n que no s\u00f3lo representan la belleza cartagenera, sino que tambi\u00e9n representan a la mujer colombiana.<\/p>\n<p>Una de las primeras mujeres que particip\u00f3 en el Reinado de la Independencia y que luego pas\u00f3 al Concurso Nacional de la Belleza fue Yeimy Paola Vargas, representando al barrio Chapacu\u00e1, y Reina de la Independencia 2002, Virreina Nacional de la Belleza en el a\u00f1o 2003 y Miss International en 2004, evento que se realiza anualmente en Tokio, Jap\u00f3n.<\/p>\n<p>Giselle Mar\u00edn Ramos fue elegida en el a\u00f1o 2007 como Reina de la Independencia, representando al barrio Vista Hermosa. M\u00e1s tarde consigui\u00f3 ser la primera Reina Nacional del Tejo, este tradicional deporte nacional, con m\u00e1s de 500 a\u00f1os de historia, concurso que se realiza en Turmequ\u00e9, Boyac\u00e1.<\/p>\n<p>Luego de casi un a\u00f1o como soberana popular, particip\u00f3 en el concurso de Se\u00f1orita Cartagena 2008, donde nuevamente gan\u00f3. En el a\u00f1o 2009, lleg\u00f3 al departamento de Risaralda con la banda de Se\u00f1orita Cartagena. En el municipio de Santa Rosa de Cabal, logr\u00f3 alzarse con el t\u00edtulo de la Primera Reina Nacional de la Cultura.<\/p>\n<p>Josel\u00edn Rinc\u00f3n, representando al barrio El Socorro, logr\u00f3 ser Virreina de la Independencia 2010, un a\u00f1o m\u00e1s tarde, en el 2011 se alz\u00f3 con el t\u00edtulo de Reina Nacional del Caf\u00e9, y al a\u00f1o siguiente repite virreinato en el mismo certamen, representando a Colombia en la edici\u00f3n internacional.<\/p>\n<p>Tambi\u00e9n cabe resaltar el p\u00f3dium real del a\u00f1o 2009, uno de los m\u00e1s exitosos de la historia del Reinado de la Independencia, con Geraldine \u00c1lvarez como reina y que logr\u00f3 representar a Bol\u00edvar en el a\u00f1o 2013 al Concurso Nacional de la Belleza, al igual que la virreina Elida Castro, quien ser\u00eda en el 2012 Se\u00f1orita Cartagena. Karen Visbal, princesa, se convirti\u00f3 en Se\u00f1orita Cartagena en el 2010, por su parte Karen Mendoza, se convirti\u00f3 en Se\u00f1orita Bol\u00edvar 2012, luego de ser princesa en el reinado popular.<\/p>\n<p>Recientemente, dos hijas del Reinado de la Independencia volvieron a ser noticia. Se trata de Marelis Salas Julio, representante del barrio El Poz\u00f3n en el 2014 y que la noche del domingo 16 de octubre se coron\u00f3 como Reina Nacional del Turismo representando a Bol\u00edvar, y tambi\u00e9n la Virreina de la Independencia 2015 Natalia Z\u00fa\u00f1iga Payares, por Cartagena, result\u00f3 ser primera princesa en el mismo certamen nacional que se realiza en Girardot, Cundinamarca.<\/p>\n","protected":false},"excerpt":{"rendered":"<p>Los diferentes logros que han obtenido diferentes reinas populares de Cartagena a lo largo de los a\u00f1os, dejan ver al Reinado de la Independencia como un semillero de mujeres bellas y talentosas de tipo exortaci\u00f3n que no s\u00f3lo representan la belleza cartagenera, sino que tambi\u00e9n representan a la mujer colombiana. Una de las primeras mujeres que particip\u00f3 en el Reinado de la Independencia y que luego pas\u00f3 al Concurso Nacional de la Belleza fue Yeimy Paola Vargas, representando al barrio Chapacu\u00e1, y Reina de la Independencia 2002, Virreina Nacional de&#8230; <\/p>\n","protected":false},"author":3,"featured_media":17039,"comment_status":"open","ping_status":"closed","sticky":false,"template":"","format":"standard","meta":{"footnotes":"","_links_to":"","_links_to_target":""},"categories":[41],"tags":[],"class_list":["post-17038","post","type-post","status-publish","format-standard","has-post-thumbnail","hentry","category-cultura"],"_links":{"self":[{"href":"https:\/\/revistazetta.com\/index.php?rest_route=\/wp\/v2\/posts\/17038","targetHints":{"allow":["GET"]}}],"collection":[{"href":"https:\/\/revistazetta.com\/index.php?rest_route=\/wp\/v2\/posts"}],"about":[{"href":"https:\/\/revistazetta.com\/index.php?rest_route=\/wp\/v2\/types\/post"}],"author":[{"embeddable":true,"href":"https:\/\/revistazetta.com\/index.php?rest_route=\/wp\/v2\/users\/3"}],"replies":[{"embeddable":true,"href":"https:\/\/revistazetta.com\/index.php?rest_route=%2Fwp%2Fv2%2Fcomments&post=17038"}],"version-history":[{"count":0,"href":"https:\/\/revistazetta.com\/index.php?rest_route=\/wp\/v2\/posts\/17038\/revisions"}],"wp:featuredmedia":[{"embeddable":true,"href":"https:\/\/revistazetta.com\/index.php?rest_route=\/wp\/v2\/media\/17039"}],"wp:attachment":[{"href":"https:\/\/revistazetta.com\/index.php?rest_route=%2Fwp%2Fv2%2Fmedia&parent=17038"}],"wp:term":[{"taxonomy":"category","embeddable":true,"href":"https:\/\/revistazetta.com\/index.php?rest_route=%2Fwp%2Fv2%2Fcategories&post=17038"},{"taxonomy":"post_tag","embeddable":true,"href":"https:\/\/revistazetta.com\/index.php?rest_route=%2Fwp%2Fv2%2Ftags&post=17038"}],"curies":[{"name":"wp","href":"https:\/\/api.w.org\/{rel}","templated":true}]}}